{"provider_url": "https://www.descanso.sc.leg.br", "title": "SOS RIO GRANDE DO SUL", "html": "<div dir=\"auto\">Governo Municipal, Poder Legislativo e entidades do Munic\u00edpio se re\u00fanem para organizar a\u00e7\u00e3o para arrecada\u00e7\u00e3o de donativos para enviar ao Estado do Rio Grande do Sul.</div>\r\n<div dir=\"auto\">Em um gesto de solidariedade diante da maior trag\u00e9dia j\u00e1 registrada no Rio Grande do Sul, onde enchentes de propor\u00e7\u00f5es devastadoras ceifaram vidas, deixaram centenas de pessoas desaparecidas e milhares de desabrigados, o Governo Municipal, em parceria com a C\u00e2mara de Vereadores, a Ameosc, entidades, empresas e <span><a tabindex=\"-1\"></a></span>igrejas, lan\u00e7ou uma campanha de arrecada\u00e7\u00e3o de donativos.</div>\r\n<div dir=\"auto\">As enchentes causaram devasta\u00e7\u00e3o e deixaram um rastro de destrui\u00e7\u00e3o, impactando severamente cidades inteiras e colocando em risco a vida de milhares de cidad\u00e3os. Em meio a essa situa\u00e7\u00e3o de emerg\u00eancia, a solidariedade e a uni\u00e3o se tornam ainda mais essenciais para oferecer apoio e conforto \u00e0s v\u00edtimas.</div>\r\n<div dir=\"auto\">A campanha est\u00e1 arrecadando uma s\u00e9rie de itens essenciais, incluindo alimentos prontos ou de f\u00e1cil preparo, \u00e1gua mineral, materiais de higiene e limpeza, absorventes, fraldas (infantil e geri\u00e1trica) e ra\u00e7\u00e3o animal para c\u00e3es e gatos. Estes s\u00e3o os itens considerados priorit\u00e1rios no momento, visando atender \u00e0s necessidades imediatas das v\u00edtimas.</div>\r\n<div dir=\"auto\">O ponto de coleta est\u00e1 localizado no Centro Cultural Coluna Prestes. A arrecada\u00e7\u00e3o acontece at\u00e9 ao meio dia de quinta-feira, 09 de maio, com hor\u00e1rio de coleta das 7h30 \u00e0s 11h30 e das 13h \u00e0s 17h.</div>\r\n<div dir=\"auto\">Conforme o secret\u00e1rio de Desenvolvimento Econ\u00f4mico, Paulo Lauxen, para aqueles que desejam contribuir ou t\u00eam d\u00favidas sobre a campanha, \u00e9 poss\u00edvel entrar em contato pelo telefone 3623-0073 (whatsapp), onde a equipe respons\u00e1vel est\u00e1 dispon\u00edvel para fornecer informa\u00e7\u00f5es adicionais e esclarecer qualquer quest\u00e3o.</div>\r\n<div dir=\"auto\">\u201c\u00c9 importante que a popula\u00e7\u00e3o ajude e traga os itens acima mencionados, que s\u00e3o prioridade e de maior necessidade atual. Unidos, podemos fazer a diferen\u00e7a na vida daqueles que foram t\u00e3o gravemente afetados por essa trag\u00e9dia. A contribui\u00e7\u00e3o de cada descanse, seja do tamanho que for, \u00e9 fundamental para oferecer esperan\u00e7a e conforto \u00e0s fam\u00edlias em necessidade neste momento t\u00e3o dif\u00edcil\u201d, finaliza.</div>", "author_name": "", "version": "1.0", "author_url": "https://www.descanso.sc.leg.br/author/deo", "provider_name": "C\u00e2mara Municipal de Vereadores", "type": "rich"}