{"provider_url": "https://www.descanso.sc.leg.br", "title": "Sess\u00e3o da \u00faltima ter\u00e7a-feira.", "html": "<p>Na sess\u00e3o da \u00faltima ter\u00e7a-feira, a den\u00fancia contra o Prefeito Sadi Bonamigo foi aceita, por\u00e9m seu afastamento foi rejeitado pelos parlamentares.</p>", "author_name": "", "version": "1.0", "author_url": "https://www.descanso.sc.leg.br/author/deo", "provider_name": "C\u00e2mara Municipal de Vereadores", "type": "rich"}