{"provider_url": "https://www.descanso.sc.leg.br", "title": "Segunda e terceira sess\u00f5es 2017", "html": "<p>Na sexta-feira (27/01) realizaram-se duas Sess\u00f5es Extraordin\u00e1rias.\u00a0</p>", "author_name": "", "version": "1.0", "author_url": "https://www.descanso.sc.leg.br/author/deo", "provider_name": "C\u00e2mara Municipal de Vereadores", "type": "rich"}