{"provider_url": "https://www.descanso.sc.leg.br", "title": "REQUERIMENTO DE INFORMA\u00c7\u00c3O N\u00ba 13/2023.", "html": "<div class=\"xdj266r x11i5rnm xat24cr x1mh8g0r x1vvkbs x126k92a\">\r\n<div dir=\"auto\">2\u00aa SESS\u00c3O ORDIN\u00c1RIA DO M\u00caS DE NOVEMBRO DE 2023.</div>\r\n</div>\r\n<div class=\"x11i5rnm xat24cr x1mh8g0r x1vvkbs xtlvy1s x126k92a\">\r\n<div dir=\"auto\">REQUERIMENTO DE INFORMA\u00c7\u00c3O N\u00ba 13/2023.</div>\r\n</div>\r\n<div class=\"x11i5rnm xat24cr x1mh8g0r x1vvkbs xtlvy1s x126k92a\">\r\n<div dir=\"auto\">O vereador Giovani Busnello Vieira, que subscreve o presente Requerimento, na forma regimental, requer, ap\u00f3s aprovado, que seja encaminhado \u00e0 respons\u00e1vel pela Secretaria de Bem-estar, Andressa Brugnerotto, para que atrav\u00e9s deste, informe a esta Casa Legislativa o seguinte:</div>\r\n</div>\r\n<div class=\"x11i5rnm xat24cr x1mh8g0r x1vvkbs xtlvy1s x126k92a\">\r\n<div dir=\"auto\"><span><a tabindex=\"-1\"></a></span>Considerando que at\u00e9 o m\u00eas de outubro de 2023 eram pagas as horas extras aos funcion\u00e1rios da secretaria e que ap\u00f3s um aviso informal declarou que as mesmas n\u00e3o seriam mais pagas at\u00e9 janeiro de 2024, sendo v\u00e1lido apenas a sua convers\u00e3o em banco de horas.</div>\r\n<div dir=\"auto\">Considerando o preju\u00edzo dos funcion\u00e1rios que ao converterem em folga n\u00e3o ter\u00e3o direito ao dia de vale alimenta\u00e7\u00e3o.</div>\r\n<div dir=\"auto\">Considerando ser uma decis\u00e3o monocr\u00e1tica e sem justificativa aos funcion\u00e1rios e que as demais secretarias n\u00e3o adotaram o mesmo planejamento.</div>\r\n</div>\r\n<div class=\"x11i5rnm xat24cr x1mh8g0r x1vvkbs xtlvy1s x126k92a\">\r\n<div dir=\"auto\">1. Qual a justificativa/motivo para a presente altera\u00e7\u00e3o?</div>\r\n<div dir=\"auto\">2. Porque as outras secretarias n\u00e3o adotaram a mesma medida?</div>\r\n<div dir=\"auto\">3. Poderia ser considerado m\u00e1-gest\u00e3o?</div>\r\n</div>", "author_name": "", "version": "1.0", "author_url": "https://www.descanso.sc.leg.br/author/deo", "provider_name": "C\u00e2mara Municipal de Vereadores", "type": "rich"}