{"provider_url": "https://www.descanso.sc.leg.br", "title": "REQUERIMENTO DE INFORMA\u00c7\u00c3O N\u00ba 04/2023.", "html": "<div class=\"xdj266r x11i5rnm xat24cr x1mh8g0r x1vvkbs x126k92a\">\r\n<div dir=\"auto\">3\u00aa SESS\u00c3O ORDIN\u00c1RIA DO M\u00caS DE MAIO 2023.</div>\r\n</div>\r\n<div class=\"x11i5rnm xat24cr x1mh8g0r x1vvkbs xtlvy1s x126k92a\">\r\n<div dir=\"auto\">REQUERIMENTO DE INFORMA\u00c7\u00c3O N\u00ba 04/2023.</div>\r\n</div>\r\n<div class=\"x11i5rnm xat24cr x1mh8g0r x1vvkbs xtlvy1s x126k92a\">\r\n<div dir=\"auto\">O Vereador Giovani Busnello Vieira, que subscreve o presente Requerimento, na forma regimental, requer, ap\u00f3s aprovado, que seja encaminhado ao Poder Executivo, para que atrav\u00e9s do setor Competente, informe a esta Casa Legislativa o seguinte:</div>\r\n</div>\r\n<div class=\"x11i5rnm xat24cr x1mh8g0r x1vvkbs xtlvy1s x126k92a\">\r\n<div dir=\"auto\"><span><a tabindex=\"-1\"></a></span>Considerando o Edital n\u00ba 4, de 14 de abril de 2023 do Governo Federal para ades\u00e3o e/ou renova\u00e7\u00e3o da ades\u00e3o de munic\u00edpios ao Projeto Mais M\u00e9dicos para o Brasil, bem como considerando a lista de munic\u00edpios eleg\u00edveis lan\u00e7ada juntamente com este Edital, o munic\u00edpio de Descanso-SC, n\u00e3o consta, n\u00e3o sendo poss\u00edvel sua participa\u00e7\u00e3o.</div>\r\n<div dir=\"auto\">Acerca disso, qual o motivo do descredenciamento do nosso munic\u00edpio do Projeto Mais M\u00e9dicos para o Brasil?</div>\r\n</div>", "author_name": "", "version": "1.0", "author_url": "https://www.descanso.sc.leg.br/author/deo", "provider_name": "C\u00e2mara Municipal de Vereadores", "type": "rich"}