{"provider_url": "https://www.descanso.sc.leg.br", "title": "PROJETO DE LEI N\u00ba 35/2023. PODER LEGISLATIVO", "html": "<div class=\"xdj266r x11i5rnm xat24cr x1mh8g0r x1vvkbs x126k92a\">\r\n<div dir=\"auto\">4\u00aa SESS\u00c3O ORDIN\u00c1RIA DO M\u00caS DE SETEMBRO DE 2023.</div>\r\n</div>\r\n<div class=\"x11i5rnm xat24cr x1mh8g0r x1vvkbs xtlvy1s x126k92a\">\r\n<div dir=\"auto\">PROJETO DE LEI N\u00ba 35/2023 PODER LEGISLATIVO.</div>\r\n<div dir=\"auto\">De autoria do Vereador Giovani Busnello Vieira.</div>\r\n<div dir=\"auto\">APROVADO por unanimidade de votos em segundo turno de discuss\u00e3o e vota\u00e7\u00e3o.</div>\r\n</div>\r\n<div class=\"x11i5rnm xat24cr x1mh8g0r x1vvkbs xtlvy1s x126k92a\">\r\n<div dir=\"auto\"><span><a tabindex=\"-1\"></a></span>\"Disp\u00f5e sobre a institui\u00e7\u00e3o do \"Dia da B\u00edblia\" e a sua inclus\u00e3o no calend\u00e1rio oficial de eventos do munic\u00edpio de Descanso/SC e d\u00e1 outras provid\u00eancias\".</div>\r\n<div dir=\"auto\">Art. 1\u00ba Fica institu\u00eddo e inclu\u00eddo no Calend\u00e1rio oficial de eventos do Munic\u00edpio de Descanso/SC, o \"Dia da B\u00edblia\", a ser comemorado no segundo domingo do m\u00eas de dezembro.</div>\r\n<div dir=\"auto\">Art. 2\u00ba Esta Lei entra em vigor na data de sua publica\u00e7\u00e3o.</div>\r\n<div dir=\"auto\">Art. 3\u00ba revogam-se as disposi\u00e7\u00f5es em contr\u00e1rio.</div>\r\n</div>", "author_name": "", "version": "1.0", "author_url": "https://www.descanso.sc.leg.br/author/deo", "provider_name": "C\u00e2mara Municipal de Vereadores", "type": "rich"}