{"provider_url": "https://www.descanso.sc.leg.br", "title": "PROJETO DE LEI N\u00ba 31/2023 PODER LEGISLATIVO", "html": "<div class=\"xdj266r x11i5rnm xat24cr x1mh8g0r x1vvkbs x126k92a\">\r\n<div dir=\"auto\">4\u00aa SESS\u00c3O ORDIN\u00c1RIA DO M\u00caS DE SETEMBRO DE 2023.</div>\r\n</div>\r\n<div class=\"x11i5rnm xat24cr x1mh8g0r x1vvkbs xtlvy1s x126k92a\">\r\n<div dir=\"auto\">PROJETO DE LEI N\u00ba 31/2023 PODER LEGISLATIVO.</div>\r\n<div dir=\"auto\">De autoria do Vereador Paulo Henrique Burin.</div>\r\n<div dir=\"auto\">APROVADO por unanimidade de votos em segundo turno de discuss\u00e3o e vota\u00e7\u00e3o.</div>\r\n<div dir=\"auto\"><span><a tabindex=\"-1\"></a></span>\"Institui o Dia Municipal da Igreja Evang\u00e9lica Assembleia de Deus, no \u00e2mbito do Munic\u00edpio de Descanso/SC d\u00e1 outras provid\u00eancias.\"</div>\r\n<div dir=\"auto\">Art. 1\u00ba Fica institu\u00eddo o Dia Municipal da Igreja Evang\u00e9lica Assembleia de Deus, a ser celebrado, anualmente, no dia 15 de mar\u00e7o no \u00e2mbito do Munic\u00edpio de Descanso/SC.</div>\r\n<div dir=\"auto\">Par\u00e1grafo \u00fanico. O dia de que trata esta Lei passa a integrar o calend\u00e1rio oficial de eventos do Munic\u00edpio de Descanso/SC.</div>\r\n<div dir=\"auto\">Art. 2\u00ba Esta Lei entra em vigor na data de sua publica\u00e7\u00e3o.</div>\r\n</div>", "author_name": "", "version": "1.0", "author_url": "https://www.descanso.sc.leg.br/author/deo", "provider_name": "C\u00e2mara Municipal de Vereadores", "type": "rich"}