{"provider_url": "https://www.descanso.sc.leg.br", "title": "PROJETO DE LEI COMPLEMENTAR N\u00ba 02/2023.", "html": "<div class=\"xdj266r x11i5rnm xat24cr x1mh8g0r x1vvkbs x126k92a\">\r\n<div dir=\"auto\">3\u00aa SESS\u00c3O ORDIN\u00c1RIA DO M\u00caS DE DEZEMBRO DE 2023.</div>\r\n</div>\r\n<div class=\"x11i5rnm xat24cr x1mh8g0r x1vvkbs xtlvy1s x126k92a\">\r\n<div dir=\"auto\">PROJETO DE LEI COMPLEMENTAR N\u00ba 02/2023.</div>\r\n</div>\r\n<div class=\"x11i5rnm xat24cr x1mh8g0r x1vvkbs xtlvy1s x126k92a\">\r\n<div dir=\"auto\">APROVADO por unanimidade de votos em segundo turno de discuss\u00e3o e vota\u00e7\u00e3o.</div>\r\n<div dir=\"auto\"><span><a tabindex=\"-1\"></a></span>Autoria do Vereador Giovani Busnello Vieira.</div>\r\n<div dir=\"auto\">Giovani Busnello Vieira, vereador da C\u00e2mara Municipal de Vereadores de Descanso/SC, no uso de suas atribui\u00e7\u00f5es, encaminha \u00e0 esta Casa Legislativa Projeto de Lei Complementar que \"Altera as disposi\u00e7\u00f5es da Lei Complementar n\u00ba 48/2022, que institui o novo Plano Diretor de Desenvolvimento Municipal, disp\u00f5e sobre as normas, fixa objetivos e diretrizes urban\u00edsticas do Munic\u00edpio de Descanso e d\u00e1 outras provid\u00eancias\".</div>\r\n<div dir=\"auto\">Art. 1\u00ba. A Zona de Interesse Residencial do Munic\u00edpio de Descanso passar\u00e1 a contar com \u00e1reas m\u00ednimas de 250,00m\u00b2 (duzentos e cinquenta metros quadrados).</div>\r\n<div dir=\"auto\">Art. 2\u00ba. Em qualquer zona, as edifica\u00e7\u00f5es residenciais ter\u00e3o recuo frontal, no m\u00ednimo, em 1,00m (um metro).</div>\r\n<div dir=\"auto\">Art. 3\u00ba. Em decorr\u00eancia da presente Lei, o setor competente do Munic\u00edpio de Descanso dever\u00e1 alterar os itens necess\u00e1rios na Lei Complementar N\u00ba 48/2022, adequando-os \u00e0s novas metragens constantes nos artigos 1\u00ba e 2\u00ba, inclusive a tabela constante no ANEXO III, fazendo constar a nova \u00e1rea m\u00ednima para a Zona de Interesse Residencial (\u00c1rea m\u00ednima (m\u00b2)) e o novo Recuo Frontal (Recuo ajardin. (m)).</div>\r\n</div>", "author_name": "", "version": "1.0", "author_url": "https://www.descanso.sc.leg.br/author/deo", "provider_name": "C\u00e2mara Municipal de Vereadores", "type": "rich"}