{"provider_url": "https://www.descanso.sc.leg.br", "title": "PROGRAMA VEREADOR MIRIM", "html": "<p>\u00a0</p>\r\n<p>Na sexta-feira (15/03) foi realizada a elei\u00e7\u00e3o do Vereador Mirim nas escolas, de acordo com a Resolu\u00e7\u00e3o n\u00ba 01/2019 o \u201cPrograma Vereador Mirim\u201d, foi constitu\u00eddo com o objetivo de estimular a participa\u00e7\u00e3o pol\u00edtica dos estudantes, propiciando momentos de reflex\u00e3o e estudo sobre o papel do Poder Legislativo Municipal e a import\u00e2ncia da pol\u00edtica numa sociedade democr\u00e1tica. No intuito de despertar nos educandos das escolas p\u00fablicas e particulares do ensino de Descanso, que estejam cursando Ensino fundamental dos anos finais e/ou Ensino M\u00e9dio, o senso cr\u00edtico e entendimento sobre os direitos de cidadania e a responsabilidade para com os valores sociais, \u00e9ticos e culturais da comunidade, tendo como eleitos:</p>\r\n<p>\u00a0</p>\r\n<p><b>E.E.B. Everardo Backheuser \u2013 6\u00ba ao 9\u00ba ano do Ensino Fundamental </b></p>\r\n<p>Vereadora: Tamires Nora</p>\r\n<p><b>E.E.B. Everardo Backheuser \u2013 Ensino M\u00e9dio</b></p>\r\n<p>Vereador: Douglas Rodrigues</p>\r\n<p><b>Col\u00e9gio UNICAMPO \u2013 5\u00ba ao 8\u00ba ano do Ensino Fundamental</b></p>\r\n<p>Vereadora: Amanda Battistel</p>\r\n<p><b>C.E.E.F. Paulo Henrique Pissaia \u2013 5\u00ba ano do Ensino Fundamental</b></p>\r\n<p>Vereador: Y\u00fari Sturmer</p>\r\n<p><b>E.B.M. Cachoeirinha - 5\u00ba ao 8\u00ba ano do Ensino Fundamental\u00a0</b></p>\r\n<p>Vereador: Brayan Sima da Silva</p>\r\n<p><b>E.E.B. Itajub\u00e1 \u2013 5\u00ba ao 9\u00ba ano do Ensino Fundamental</b></p>\r\n<p>Vereadora: Keila Regina Mayer</p>\r\n<p><b>E.E.B. Itajub\u00e1 \u2013 Ensino M\u00e9dio</b></p>\r\n<p>Vereadora: Carla Salete Minozzo</p>\r\n<p>\u00a0</p>\r\n<p>Somando sete vereadores mirins eleitos, respectivamente no dia 19/03, antes da 8\u00aa Sess\u00e3o Ordin\u00e1ria de 2019, foi efetuado o sorteio entre os suplentes dos vereadores mirins eleitos das duas vagas restantes para compor as nove cadeiras, sendo a E.E.B. Everardo Backheuser e Col\u00e9gio Unicampo comtempladas.</p>\r\n<p><b>E.E.B. Everardo Backheuser</b></p>\r\n<p>Vereadora: \u00c9rica Cappellaro</p>\r\n<p><b>Col\u00e9gio UNICAMPO</b></p>\r\n<p>Vereador: Gabriel Lu\u00eds Karlinski</p>\r\n<p><img src=\"https://www.descanso.sc.leg.br/institucional/fotos/file1.jpeg/@@images/4b124422-0ab0-46e1-a2b0-fea2ef0d3a67.jpeg\" alt=\"\" class=\"image-inline\" title=\"\" />\u00a0<img src=\"https://www.descanso.sc.leg.br/institucional/fotos/file11.jpeg/@@images/00e86761-c530-4574-9043-03da9040a3d0.jpeg\" alt=\"\" class=\"image-inline\" title=\"\" /></p>\r\n<p>\u00a0</p>\r\n<p>\u00a0<img src=\"https://www.descanso.sc.leg.br/institucional/fotos/VEREADORMIRIM9.jpeg/@@images/5dd12349-bfb5-4666-9a4d-9892955093bd.jpeg\" alt=\"\" class=\"image-inline\" title=\"\" /><img src=\"https://www.descanso.sc.leg.br/institucional/fotos/VEREADORMIRIM14.jpeg/@@images/36b88290-0318-4e75-abee-63ba5f5134e0.jpeg\" alt=\"\" class=\"image-inline\" title=\"\" /><img src=\"https://www.descanso.sc.leg.br/institucional/fotos/VEREADORMIRIM15.jpeg/@@images/2ac6e6c1-d743-466b-b115-e3911db961f6.jpeg\" alt=\"\" class=\"image-inline\" title=\"\" /><img src=\"https://www.descanso.sc.leg.br/institucional/fotos/VEREADORMIRIM19.jpeg/@@images/fc4a946c-d584-4eaa-8590-81369b392494.jpeg\" alt=\"\" class=\"image-inline\" title=\"\" /><img src=\"https://www.descanso.sc.leg.br/institucional/fotos/VEREADORMIRIM28.jpeg/@@images/5bb65301-e77e-4df1-8526-8432c773ba80.jpeg\" alt=\"\" class=\"image-inline\" title=\"\" /><img src=\"https://www.descanso.sc.leg.br/institucional/fotos/VEREADORMIRIM26.jpeg/@@images/a8535528-21b6-4ac8-83c5-5240494415b3.jpeg\" alt=\"\" class=\"image-inline\" title=\"\" /></p>\r\n<p><img src=\"https://www.descanso.sc.leg.br/institucional/fotos/VEREADORMIRIM29.jpeg/@@images/066061ec-1a63-44d6-83a7-d287db4fdd81.jpeg\" alt=\"\" class=\"image-inline\" title=\"\" /><img src=\"https://www.descanso.sc.leg.br/institucional/fotos/VEREADORMIRIM30.jpeg/@@images/8c8427d0-dfd7-4f85-9fcb-f01932e20713.jpeg\" alt=\"\" class=\"image-inline\" title=\"\" /><img src=\"https://www.descanso.sc.leg.br/institucional/fotos/VEREADORMIRIM32.jpeg/@@images/ca73f281-6034-4356-8c90-d20996f32d0f.jpeg\" alt=\"\" class=\"image-inline\" title=\"\" /><img src=\"https://www.descanso.sc.leg.br/institucional/fotos/VEREADORMIRIM33.jpeg/@@images/46b0416f-5cc4-4154-833c-ddc49a90edda.jpeg\" alt=\"\" class=\"image-inline\" title=\"\" /><img src=\"https://www.descanso.sc.leg.br/institucional/fotos/VEREADORMIRIM35.jpeg/@@images/9549b855-a9dc-4283-b726-c066870536e4.jpeg\" alt=\"\" class=\"image-inline\" title=\"\" /></p>\r\n<p>\u00a0</p>\r\n<p>\u00a0</p>", "author_name": "", "version": "1.0", "author_url": "https://www.descanso.sc.leg.br/author/deo", "provider_name": "C\u00e2mara Municipal de Vereadores", "type": "rich"}