{"provider_url": "https://www.descanso.sc.leg.br", "title": "PARLAMENTO JOVEM 2018", "html": "<p style=\"text-align: center; \"><span>Na manh\u00e3 desta quarta-feira (20), foi realizada a 4\u00aa Sess\u00e3o Ordin\u00e1ria do ano de 2018 do Parlamento Jovem Descansense, sendo \u00e1s 09h00min para o Grupo 1, e \u00e0s 09h30min para o Grupo 2, tendo como local o Sal\u00e3o Nobre Prefeito \u00c2ngelo Bedin.</span></p>", "author_name": "", "version": "1.0", "author_url": "https://www.descanso.sc.leg.br/author/deo", "provider_name": "C\u00e2mara Municipal de Vereadores", "type": "rich"}