{"provider_url": "https://www.descanso.sc.leg.br", "title": "MO\u00c7\u00c3O N\u00ba 28/2023.", "html": "<div class=\"xdj266r x11i5rnm xat24cr x1mh8g0r x1vvkbs x126k92a\">\r\n<div dir=\"auto\">3\u00aa SESS\u00c3O ORDIN\u00c1RIA DO M\u00caS DE DEZEMBRO DE 2023.</div>\r\n</div>\r\n<div class=\"x11i5rnm xat24cr x1mh8g0r x1vvkbs xtlvy1s x126k92a\">\r\n<div dir=\"auto\">MO\u00c7\u00c3O N\u00ba 28/2023.</div>\r\n</div>\r\n<div class=\"x11i5rnm xat24cr x1mh8g0r x1vvkbs xtlvy1s x126k92a\">\r\n<div dir=\"auto\">Os Vereadores Paulo Henrique Burin e Giovani Busnello Vieira, vem respeitosamente, depois de cumpridas as formalidades legais e regimentais, apresentar a presente MO\u00c7\u00c3O DE APLAUSO, pelos 90 anos de atua\u00e7\u00e3o da Cooperativa A1 na regi\u00e3o e tamb\u00e9m no Munic\u00edpio de Descanso.</div>\r\n</div>\r\n<div class=\"x11i5rnm xat24cr x1mh8g0r x1vvkbs xtlvy1s x126k92a\">\r\n<div dir=\"auto\">Em <span><a tabindex=\"-1\"></a></span>01 de outubro de 1933 foi criada a Sociedade Cooperativa Mista Palmitos LTDA, que se fundiu com a Cooperativa Agropecu\u00e1ria de Monda\u00ed no ano de 1976, formando a Cooperativa Regional Arco \u00cdris LTDA. Essa, no de 2000, se fundiu com a Cooperativa Agropecu\u00e1ria Santa L\u00facia LTDA (fundada em setembro de 1967) e juntas formaram a Cooperativa A1.</div>\r\n<div dir=\"auto\">No munic\u00edpio de Descanso a filial da Cooperativa A1 conta hoje com aproximadamente 898 cooperados e 123 colaboradores, totalizando um movimento econ\u00f4mico de praticamente 30 milh\u00f5es.</div>\r\n<div dir=\"auto\">A Cooper A1 oferece \u00e0 comunidade diversos segmentos, entre eles de supermercado, materiais de constru\u00e7\u00e3o, agropecu\u00e1ria, m\u00f3veis e eletrodom\u00e9sticos, posto de combust\u00edveis e implementos agr\u00edcolas.</div>\r\n<div dir=\"auto\">Nada mais justo do que o Poder Legislativo local, em nome de seus autores, prestar esta merecida homenagem \u00e0 Cooperativa A1 que vem perpetuada pela uni\u00e3o entre cooperativas agropecu\u00e1rias do Oeste Catarinense e que continua contribuindo muito com o desenvolvimento do nosso munic\u00edpio, principalmente nos munic\u00edpios que possuem como carro chefe a produ\u00e7\u00e3o rural.</div>\r\n<div dir=\"auto\">Parab\u00e9ns pela bel\u00edssima hist\u00f3ria de sucesso e que continue a crescer cada vez mais.</div>\r\n</div>", "author_name": "", "version": "1.0", "author_url": "https://www.descanso.sc.leg.br/author/deo", "provider_name": "C\u00e2mara Municipal de Vereadores", "type": "rich"}