{"provider_url": "https://www.descanso.sc.leg.br", "title": "MO\u00c7\u00c3O N\u00ba 25/2023.", "html": "<div class=\"xdj266r x11i5rnm xat24cr x1mh8g0r x1vvkbs x126k92a\">\r\n<div dir=\"auto\">1\u00aa SESS\u00c3O ORDIN\u00c1RIA DO M\u00caS DE NOVEMBRO DE 2023.</div>\r\n</div>\r\n<div class=\"x11i5rnm xat24cr x1mh8g0r x1vvkbs xtlvy1s x126k92a\">\r\n<div dir=\"auto\">MO\u00c7\u00c3O N\u00ba 25/2023.</div>\r\n</div>\r\n<div class=\"x11i5rnm xat24cr x1mh8g0r x1vvkbs xtlvy1s x126k92a\">\r\n<div dir=\"auto\">O Vereador Vlademir Oro, vem respeitosamente, depois de cumpridas as formalidades legais e regimentais, apresentar a presente MO\u00c7\u00c3O DE APLAUSO E RECONHECIMENTO, ao Senhor CARLOS FRANCISCO FRIGO, A ESCOLINHA FRIGO FUTSAL E A TODOS OS ATLETAS.</div>\r\n</div>\r\n<div class=\"x11i5rnm xat24cr x1mh8g0r x1vvkbs xtlvy1s x126k92a\">\r\n<div dir=\"auto\"><span><a tabindex=\"-1\"></a></span>Carlos Francisco Frigo, 51 anos, casado com Ana h\u00e1 29 anos, tem dois filhos, Carlos Alexandre Filho (professor) com 25 anos e Pedro Paulo Frigo com 7 anos.</div>\r\n<div dir=\"auto\">Desde sua inf\u00e2ncia foi apaixonado por esportes. Filho de Alcides e Lucila Frigo (in memorian), n\u00e3o teve irm\u00e3os e sempre morou no munic\u00edpio de Descanso.</div>\r\n<div dir=\"auto\">A ideia da escolinha surgiu em 2006 quando seu filho Carlos, que participava da escolinha Gol de Letra fechou, restando apenas a escolinha do munic\u00edpio que tinha treinos 1 ou 2 vezes na semana.</div>\r\n<div dir=\"auto\">A partir disso Carlos e sua esposa decidiram criar uma equipe para participar dos jogos abertos. Em conversa com o empres\u00e1rio Luiz Pereira, em 2007, resolveram ent\u00e3o participar do JADS com 02 equipes, sendo uma Sub 9 e outra Sub 11. Ambos conseguiram bons resultados na primeira participa\u00e7\u00e3o, ficando em 2\u00ba e em 3\u00ba lugar respectivamente.</div>\r\n<div dir=\"auto\">Com o apoio de pessoas do munic\u00edpio e do professor Lot\u00e1rio Staub, que na \u00e9poca cedia o gin\u00e1sio da escola Everardo Backheuser para que os treinos fossem realizados ap\u00f3s o hor\u00e1rio escolar, bem como o empr\u00e9stimo do gin\u00e1sio municipal, a equipe foi crescendo, atrav\u00e9s do interesse e procura das crian\u00e7as.</div>\r\n<div dir=\"auto\">Ent\u00e3o, no ano de 2008 foram criadas as equipes de futsal sub 9, 11, 13, 15 e 17, at\u00e9 chegar ao futsal livre e onde tamb\u00e9m surgiu o primeiro nome da escolinha, chamada de \u201cM\u00e1gicos da Bola de Descanso\u201d.</div>\r\n<div dir=\"auto\">A partir disso a participa\u00e7\u00e3o em copas regionais foi cada vez maior, sempre sendo destaque no esporte regional e levando com muito orgulho o nome do munic\u00edpio.</div>\r\n<div dir=\"auto\">Nos anos seguintes chegaram a ter mais de 200 atletas que participavam de v\u00e1rias modalidades, sendo assim, os atletas que se destacavam acabavam sendo emprestados para outras equipes de grandes nomes, como Joni Gool, ADG Guaraciaba, CRM de maravilha, AFUB de Belmonte, entre outros.</div>\r\n<div dir=\"auto\">Uma das maiores lembran\u00e7as e conquistas mencionadas pelo Seu Carlos foi a premia\u00e7\u00e3o como campe\u00e3o da 2\u00aa Copa Jesus Maria e Jos\u00e9 de S\u00e3o Miguel do Oeste, com as equipes sub 10, 11 e 14.</div>\r\n</div>\r\n<div class=\"x11i5rnm xat24cr x1mh8g0r x1vvkbs xtlvy1s x126k92a\">\r\n<div dir=\"auto\">Atualmente a escolinha se chama \u201cFrigo Futsal\u201d, \u00e9 comandada pelo professor Carlos Alexandre Filho e conta com 55 alunos de v\u00e1rias idades e categorias. Foi criada no dia 10 de maio de 2022 e participou j\u00e1 de diversas competi\u00e7\u00f5es.</div>\r\n<div dir=\"auto\">A escolinha \u00e9 mantida com uma mensalidade simb\u00f3lica dos pais, e conta tamb\u00e9m com parceria da Prefeitura Municipal que ajuda com a libera\u00e7\u00e3o dos hor\u00e1rios dos treinos ap\u00f3s o calend\u00e1rio escolar e com o transporte dos atletas em competi\u00e7\u00f5es regionais.</div>\r\n<div dir=\"auto\">Dentre os t\u00edtulos \u00e9 importante mencionar tamb\u00e9m a competi\u00e7\u00e3o em Jaragu\u00e1 do Sul no ano de 2022, conquistando o 3\u00ba lugar. Copa Guaraciaba com a equipe feminina, tamb\u00e9m com 3\u00ba lugar. Festival Oeste Cal\u00e7ados Joni Gool, com 3\u00ba lugar. Em 2023 participaram da Ta\u00e7a Sicoob, Regional de Guaruj\u00e1 do Sul, Copa Para\u00edso, Ta\u00e7a Armaz\u00e9m dos \u00f3culos do Joni Gool, Ta\u00e7a Craque do Futuro e agora a Liga dos Camp\u00f5es dos Craques do Bugre do Oeste, que come\u00e7ar\u00e1 em alguns dias.</div>\r\n<div dir=\"auto\">Em resumo desta bela hist\u00f3ria, ainda em constru\u00e7\u00e3o e em busca de muitos t\u00edtulos, seu Carlos diz se sentir orgulhoso e muito feliz com todo amor e dedica\u00e7\u00e3o que os atletas t\u00eam em fazer parte da escolinha e da equipe.</div>\r\n<div dir=\"auto\">Diante disso, o Vereador da C\u00e2mara de Vereadores de Descanso Vlademir, tem a honra e privil\u00e9gio de dizer que sentem muito orgulho do cidad\u00e3o exemplar que \u00e9s e que vem ajudando a construir nossa cidade baseado em t\u00e3o belos princ\u00edpios e educa\u00e7\u00e3o.</div>\r\n<div dir=\"auto\">Parab\u00e9ns!</div>\r\n</div>", "author_name": "", "version": "1.0", "author_url": "https://www.descanso.sc.leg.br/author/deo", "provider_name": "C\u00e2mara Municipal de Vereadores", "type": "rich"}