{"provider_url": "https://www.descanso.sc.leg.br", "title": "MO\u00c7\u00c3O N\u00ba 23/2023.", "html": "<div class=\"xdj266r x11i5rnm xat24cr x1mh8g0r x1vvkbs x126k92a\">\r\n<div dir=\"auto\">4\u00aa SESS\u00c3O ORDIN\u00c1RIA DO M\u00caS DE OUTUBRO DE 2023.</div>\r\n</div>\r\n<div class=\"x11i5rnm xat24cr x1mh8g0r x1vvkbs xtlvy1s x126k92a\">\r\n<div dir=\"auto\">MO\u00c7\u00c3O N\u00ba 23/2023.</div>\r\n</div>\r\n<div class=\"x11i5rnm xat24cr x1mh8g0r x1vvkbs xtlvy1s x126k92a\">\r\n<div dir=\"auto\">O Vereador Paulo Henrique Burin, vem respeitosamente, depois de cumpridas as formalidades legais e regimentais, apresentar a presente MO\u00c7\u00c3O DE APOIO \u00e0 pauta de reivindica\u00e7\u00f5es do Magist\u00e9rio Catarinense, e que ap\u00f3s aprovada seja encaminhada ao Governador de Santa Catarina Jorginho Mello, e ao presidente da Alesc - Assembleia Legislativa do Estado de Santa Catarina, Mauro de Nadal.</div>\r\n</div>\r\n<div class=\"x11i5rnm xat24cr x1mh8g0r x1vvkbs xtlvy1s x126k92a\">\r\n<div dir=\"auto\"><span><a tabindex=\"-1\"></a></span>CONSIDERANDO que o Magist\u00e9rio Catarinense est\u00e1 reivindicando essas pautas trabalhistas h\u00e1 muito tempo e que a atual proposta do Governo n\u00e3o contempla em nada, os anseios da categoria, quais sejam:</div>\r\n</div>\r\n<div class=\"x11i5rnm xat24cr x1mh8g0r x1vvkbs xtlvy1s x126k92a\">\r\n<div dir=\"auto\">a) Descompacta\u00e7\u00e3o da tabela salarial, que hoje n\u00e3o possibilita valoriza\u00e7\u00e3o do estudo e do tempo dedicado ao concurso p\u00fablico, sendo que hoje em sala de aula estamos atingindo 80% de contratos tempor\u00e1rios;</div>\r\n<div dir=\"auto\">b) O reajuste do vale alimenta\u00e7\u00e3o, congelado desde 2012;</div>\r\n<div dir=\"auto\">c) Retorno da isen\u00e7\u00e3o do pagamento da previd\u00eancia aos aposentados, retornando aos par\u00e2metros aplicados no INSS.</div>\r\n</div>\r\n<div class=\"x11i5rnm xat24cr x1mh8g0r x1vvkbs xtlvy1s x126k92a\">\r\n<div dir=\"auto\">Certo da compreens\u00e3o e da necessidade de revis\u00e3o e modifica\u00e7\u00e3o dos atuais par\u00e2metros, mociona-se pelas raz\u00f5es expostas.</div>\r\n</div>\r\n<div class=\"x11i5rnm xat24cr x1mh8g0r x1vvkbs xtlvy1s x126k92a\">\r\n<div dir=\"auto\">Tribuna Livre:</div>\r\n<div dir=\"auto\">Gicele Aparecida dos Santos - Coordenadora Regional do SINTE.</div>\r\n<div dir=\"auto\">Assunto: Mo\u00e7\u00e3o de apoio 23/2023 - Magist\u00e9rio.</div>\r\n</div>", "author_name": "", "version": "1.0", "author_url": "https://www.descanso.sc.leg.br/author/deo", "provider_name": "C\u00e2mara Municipal de Vereadores", "type": "rich"}