{"provider_url": "https://www.descanso.sc.leg.br", "title": "MO\u00c7\u00c3O N\u00ba 21/2023.", "html": "<div class=\"xdj266r x11i5rnm xat24cr x1mh8g0r x1vvkbs x126k92a\">\r\n<div dir=\"auto\">2\u00aa SESS\u00c3O ORDIN\u00c1RIA DO M\u00caS DE OUTUBRO DE 2023.</div>\r\n</div>\r\n<div class=\"x11i5rnm xat24cr x1mh8g0r x1vvkbs xtlvy1s x126k92a\">\r\n<div dir=\"auto\">MO\u00c7\u00c3O N\u00ba 21/2023.</div>\r\n</div>\r\n<div class=\"x11i5rnm xat24cr x1mh8g0r x1vvkbs xtlvy1s x126k92a\">\r\n<div dir=\"auto\">Os Vereadores Marise Teresinha Previde Giombelli, Giovani Busnello Vieira, Paulo Henrique Burin e Mateus Bolsoni, vem respeitosamente, depois de cumpridas as formalidades legais e regimentais, apresentar a presente MO\u00c7\u00c3O DE APELO e que se aprovada for a mesma seja encaminhada ao Presidente da Rep\u00fablica, Exmo. Sr. Luiz In\u00e1cio Lula da Silva, ao Ministro da Educa\u00e7\u00e3o, Exmo. Sr. Camilo Santana, ao Reitor eleito da <span><a tabindex=\"-1\"></a></span>UFFS, Exmo Sr. Jo\u00e3o Antonio Braida e Comiss\u00e3o de Educa\u00e7\u00e3o da C\u00e2mara dos Deputados, nos termos que segue:</div>\r\n</div>\r\n<div class=\"x11i5rnm xat24cr x1mh8g0r x1vvkbs xtlvy1s x126k92a\">\r\n<div dir=\"auto\">INSTALA\u00c7\u00c3O DE UM CAMPUS DA UNIVERSIDADE FEDERAL DA FRONTEIRA SUL NA REGI\u00c3O EXTREMO-OESTE DE SANTA CATARINA</div>\r\n</div>\r\n<div class=\"x11i5rnm xat24cr x1mh8g0r x1vvkbs xtlvy1s x126k92a\">\r\n<div dir=\"auto\">O Movimento Pr\u00f3 Universidade Federal na regi\u00e3o sempre manteve sua luta por acreditar que o desenho institucional da UFFS responde as duas principais dificuldades da regi\u00e3o ao passo que:</div>\r\n<div dir=\"auto\">1) oportuniza a inclus\u00e3o e perman\u00eancia dos estudantes, que at\u00e9 ent\u00e3o, pelas condi\u00e7\u00f5es socioecon\u00f4micas de suas fam\u00edlias foram exclu\u00eddos do ensino superior por n\u00e3o terem condi\u00e7\u00f5es de pagar as mensalidades ou at\u00e9 mesmo arcar com os custos de estadia em outra cidade onde h\u00e1 o ensino superior p\u00fablico;</div>\r\n<div dir=\"auto\">2) amplia a articula\u00e7\u00e3o da Universidade com a comunidade atrav\u00e9s da oferta de cursos condizentes e favor\u00e1veis \u00e0s necessidades do desenvolvimento regional.</div>\r\n<div dir=\"auto\">Entendemos que a presen\u00e7a da Universidade na regi\u00e3o, se torna vetor de desenvolvimento integrado em todas as perspectivas, porque haver\u00e1 mais oportunidades de trabalho, mais presen\u00e7a de jovens na regi\u00e3o, amplia\u00e7\u00e3o da qualifica\u00e7\u00e3o das pessoas, desenvolvimento econ\u00f4mico-social, pela disponibiliza\u00e7\u00e3o de suporte cient\u00edfico e tecnol\u00f3gico, al\u00e9m de capital social.</div>\r\n<div dir=\"auto\">Uma Universidade com as caracter\u00edsticas da UFFS, promove na regi\u00e3o, a amplia\u00e7\u00e3o do repert\u00f3rio e das oportunidades culturais, as quais a popula\u00e7\u00e3o da regi\u00e3o pode e almeja ter acesso;</div>\r\n<div dir=\"auto\">Possibilita o fortalecimento da Educa\u00e7\u00e3o B\u00e1sica, j\u00e1 que oportuniza a forma\u00e7\u00e3o de professores em todas as \u00e1reas, com cursos superiores de boa qualidade e de forma gratuita.</div>\r\n<div dir=\"auto\">A universidade \u00e9 hoje uma institui\u00e7\u00e3o de fundamental import\u00e2ncia por trabalhar envolvendo a realidade social, cultural e a ci\u00eancia, ocupando uma posi\u00e7\u00e3o estrat\u00e9gica na din\u00e2mica dos processos de forma\u00e7\u00e3o de n\u00edvel superior, de inova\u00e7\u00e3o tecnol\u00f3gica, bem como, de produ\u00e7\u00e3o e difus\u00e3o da ci\u00eancia e da cultura.</div>\r\n<div dir=\"auto\">Refor\u00e7a-se que a partir de estudo j\u00e1 realizado e apresentado em Roteiro solicitado pelo Conselho Estrat\u00e9gico Social \u2013 CES \u2013 UFFS, a regi\u00e3o comprova e atende a todos os crit\u00e9rios b\u00e1sicos para obten\u00e7\u00e3o de um campus, sendo eles:</div>\r\n<div dir=\"auto\">a) regi\u00e3o com forte presen\u00e7a de agricultura familiar e camponesa;</div>\r\n<div dir=\"auto\">b) regi\u00e3o com IDH mais baixo;</div>\r\n<div dir=\"auto\">c) regi\u00e3o com maior n\u00famero de alunos no Ensino M\u00e9dio e n\u00famero de jovens;</div>\r\n<div dir=\"auto\">d) regi\u00e3o com forte presen\u00e7a de organiza\u00e7\u00f5es e Movimentos Sociais Populares e do Movimento Pr\u00f3 Universidade;</div>\r\n<div dir=\"auto\">e) apresenta um munic\u00edpio polo da regi\u00e3o como local de instala\u00e7\u00e3o, que disp\u00f5e de infraestrutura de transporte, comunica\u00e7\u00e3o, educa\u00e7\u00e3o b\u00e1sica, hot\u00e9is;</div>\r\n<div dir=\"auto\">f) distribui\u00e7\u00e3o dos campi entre os estados, considerando o n\u00famero de munic\u00edpios e a popula\u00e7\u00e3o da Mesorregi\u00e3o e seu entorno.</div>\r\n<div dir=\"auto\">Desde 2005 at\u00e9 o momento atual, a regi\u00e3o com todo seu tecido social, envolvendo movimentos sociais, pastorais, entidades, \u00f3rg\u00e3os p\u00fablicos, estudantes e popula\u00e7\u00e3o em geral, sempre esteve envolvida no debate pela expans\u00e3o da Universidade, participando e realizando diversos atos.</div>\r\n<div dir=\"auto\">Retomando o debate, foi realizada uma audi\u00eancia p\u00fablica, no dia 27/06/2022, com a presen\u00e7a de mais de 200 pessoas da regi\u00e3o, na C\u00e2mara de Vereadores de S\u00e3o Miguel do Oeste, ficou n\u00edtida a necessidade e vontade da popula\u00e7\u00e3o e autoridades regionais pela instala\u00e7\u00e3o de um campus da UFFS no Extremo Oeste de SC.</div>\r\n<div dir=\"auto\">A partir de junho deste ano o Movimento Pr\u00f3 Universidade, retoma o debate com reuni\u00e3o de representantes da regi\u00e3o com Reitor eleito da UFFS Jo\u00e3o Ant\u00f4nio Braida e Vice Reitora Sandra Pierozani.</div>\r\n<div dir=\"auto\">As muitas a\u00e7\u00f5es realizadas pela popula\u00e7\u00e3o da regi\u00e3o reafirmam a necessidade de um Campus das UFFS na regi\u00e3o do Extremo Oeste de Santa Catarina. Da mesma forma a C\u00e2mara de Vereadores por seus representantes reiteram aprovando a presente mo\u00e7\u00e3o de apelo.</div>\r\n</div>", "author_name": "", "version": "1.0", "author_url": "https://www.descanso.sc.leg.br/author/deo", "provider_name": "C\u00e2mara Municipal de Vereadores", "type": "rich"}