{"provider_url": "https://www.descanso.sc.leg.br", "title": "MO\u00c7\u00c3O N\u00ba 20/2023.", "html": "<div class=\"xdj266r x11i5rnm xat24cr x1mh8g0r x1vvkbs x126k92a\">\r\n<div dir=\"auto\">1\u00aa SESS\u00c3O ORDIN\u00c1RIA DO M\u00caS DE OUTUBRO DE 2023.</div>\r\n</div>\r\n<div class=\"x11i5rnm xat24cr x1mh8g0r x1vvkbs xtlvy1s x126k92a\">\r\n<div dir=\"auto\">MO\u00c7\u00c3O N\u00ba 20/2023.</div>\r\n</div>\r\n<div class=\"x11i5rnm xat24cr x1mh8g0r x1vvkbs xtlvy1s x126k92a\">\r\n<div dir=\"auto\">A vereadora Fabiana Pasolini Capelesso, vem respeitosamente, depois de cumpridas as formalidades legais e regimentais, apresentar a presente MO\u00c7\u00c3O DE APLAUSO E RECONHECIMENTO a todos os AGENTES COMUNIT\u00c1RIOS DE SA\u00daDE E AGENTES DE COMBATE \u00c0S ENDEMIAS, do munic\u00edpio de Descanso, celebrado no dia 04 de outubro.</div>\r\n</div>\r\n<div class=\"x11i5rnm xat24cr x1mh8g0r x1vvkbs xtlvy1s x126k92a\">\r\n<div dir=\"auto\">No <span><a tabindex=\"-1\"></a></span>dia 04 de outubro s\u00e3o homenageados os Agentes Comunit\u00e1rios de Sa\u00fade e os Agentes de Combate \u00e0s Endemias. Duas categorias de extrema import\u00e2ncia no cuidado da vida das pessoas em todo Brasil e, em especial, na nossa comunidade.</div>\r\n<div dir=\"auto\">A import\u00e2ncia do agente comunit\u00e1rio \u00e9 destacada ao longo da hist\u00f3ria da Sa\u00fade no Brasil, onde existe desde o in\u00edcio dos anos 90. Por meio do trabalho desenvolvido o pa\u00eds alcan\u00e7ou a redu\u00e7\u00e3o das taxas de mortalidade infantil e materna, entre tantos outros avan\u00e7os na sa\u00fade p\u00fablica.</div>\r\n<div dir=\"auto\">Estes profissionais, em muitos casos, s\u00e3o o primeiro contato da popula\u00e7\u00e3o com a sa\u00fade p\u00fablica, atrav\u00e9s das visitas domiciliares, fortalecendo a integra\u00e7\u00e3o entre os servi\u00e7os da Aten\u00e7\u00e3o Prim\u00e1ria e a comunidade, bem como integrando a equipe de sa\u00fade com a popula\u00e7\u00e3o a ele adstrita.</div>\r\n<div dir=\"auto\">Sua atua\u00e7\u00e3o \u00e9 baseada na preven\u00e7\u00e3o de doen\u00e7as por meio de informa\u00e7\u00f5es e orienta\u00e7\u00f5es sobre cuidados de sa\u00fade, al\u00e9m de identificar situa\u00e7\u00f5es de risco e realizar o encaminhamento respons\u00e1vel, incentivar o aleitamento materno, acompanhar a vacina\u00e7\u00e3o peri\u00f3dica, encaminhar as gestantes ao pr\u00e9-natal, orientar sobre a preven\u00e7\u00e3o e cuidados em situa\u00e7\u00e3o de endemias, realizar atividades de educa\u00e7\u00e3o nutricional nas fam\u00edlias e comunidade, realizar a\u00e7\u00f5es de promo\u00e7\u00e3o da sa\u00fade do idoso e entre outras in\u00fameras atividades essenciais \u00e0 sa\u00fade da popula\u00e7\u00e3o.</div>\r\n<div dir=\"auto\">Os agentes de combate \u00e0s endemias atuam na busca de focos end\u00eamicos em resid\u00eancias, dep\u00f3sitos, terrenos baldios e estabelecimentos comerciais. Al\u00e9m de promover a\u00e7\u00f5es de educa\u00e7\u00e3o em sa\u00fade junto \u00e0 comunidade e de informar \u00e0 popula\u00e7\u00e3o sobre os riscos das doen\u00e7as, o agente tamb\u00e9m realiza visitas com o objetivo de prevenir e controlar doen\u00e7as como dengue, mal\u00e1ria, leishmaniose e doen\u00e7a de Chagas; atua no controle de roedores e na preven\u00e7\u00e3o de acidentes por cobras, escorpi\u00f5es e aranhas; e participa das a\u00e7\u00f5es de vacina\u00e7\u00e3o de c\u00e3es e gatos para preven\u00e7\u00e3o e controle da raiva.</div>\r\n<div dir=\"auto\">Atrav\u00e9s da Lei n\u00ba 14.536/2023 houve uma valoriza\u00e7\u00e3o desses profissionais que atuam na ponta, pr\u00f3ximos a realidade da popula\u00e7\u00e3o, definindo os agentes comunit\u00e1rios de sa\u00fade e agentes de combate \u00e0s endemias em profissionais de sa\u00fade. Essa medida garante o direito de acumula\u00e7\u00e3o de cargos p\u00fablicos, previsto no artigo 37 da Constitui\u00e7\u00e3o Federal, entre outros benef\u00edcios.</div>\r\n<div dir=\"auto\">A presente mo\u00e7\u00e3o de aplauso e reconhecimento \u00e9 dedicada a estas duas classes de profissionais que realizam um trabalho de zelo e dedica\u00e7\u00e3o junto \u00e0 popula\u00e7\u00e3o, pois s\u00e3o um verdadeiro elo de liga\u00e7\u00e3o entre o indiv\u00edduo e o Estado, abrangendo n\u00e3o apenas a sa\u00fade, mas tamb\u00e9m as condi\u00e7\u00f5es sociais, econ\u00f4micas, de seguran\u00e7a e educa\u00e7\u00e3o, pois convivem com a popula\u00e7\u00e3o em seu lugar mais sagrado que \u00e9 o lar, com todas as suas nuances e particularidades.</div>\r\n<div dir=\"auto\">Parab\u00e9ns pelo seu dia!</div>\r\n</div>", "author_name": "", "version": "1.0", "author_url": "https://www.descanso.sc.leg.br/author/deo", "provider_name": "C\u00e2mara Municipal de Vereadores", "type": "rich"}