{"provider_url": "https://www.descanso.sc.leg.br", "title": "MO\u00c7AO N\u00ba 12/2023.", "html": "<div class=\"xdj266r x11i5rnm xat24cr x1mh8g0r x1vvkbs x126k92a\">\r\n<div dir=\"auto\">2\u00aa SESS\u00c3O ORDIN\u00c1RIA DO M\u00caS DE JULHO DE 2023.</div>\r\n</div>\r\n<div class=\"x11i5rnm xat24cr x1mh8g0r x1vvkbs xtlvy1s x126k92a\">\r\n<div dir=\"auto\">MO\u00c7\u00c3O N\u00ba 12/2023.</div>\r\n</div>\r\n<div class=\"x11i5rnm xat24cr x1mh8g0r x1vvkbs xtlvy1s x126k92a\">\r\n<div dir=\"auto\">A Vereadora Odete Maria Andrioni Nora, vem respeitosamente, depois de cumpridas as formalidades legais e regimentais, apresentar e requerer, se aprovada for, o envio de c\u00f3pia da presente MO\u00c7\u00c3O DE APLAUSOS ao casal Olivo e Vilce Durigon pelos 60 anos de casados, comemorados na data de 15 de junho.</div>\r\n</div>\r\n<div class=\"x11i5rnm xat24cr x1mh8g0r x1vvkbs xtlvy1s x126k92a\">\r\n<div dir=\"auto\">O <span><a tabindex=\"-1\"></a></span>senhor Olivo nasceu no dia 09 de janeiro de 1944, no antigo Distrito de Ouro, pertencente ao munic\u00edpio de Capinzal/SC na \u00e9poca, atualmente munic\u00edpio de Ouro/SC. Filho de Paulo Durigon e Maria Bof Durigon.</div>\r\n</div>\r\n<div class=\"x11i5rnm xat24cr x1mh8g0r x1vvkbs xtlvy1s x126k92a\">\r\n<div dir=\"auto\">No mesmo ano mudaram-se para o munic\u00edpio de Campos Novos/SC, onde cresceu e passou a sua juventude. Local tamb\u00e9m onde conheceu dona Vilce.</div>\r\n</div>\r\n<div class=\"x11i5rnm xat24cr x1mh8g0r x1vvkbs xtlvy1s x126k92a\">\r\n<div dir=\"auto\">Filha de Cezira Zampieri Molin e Antonio Molin, Vilce nasceu em 26 de setembro de 1944 na cidade de Capinzal/SC, mais tarde vindo a residir em Campos Novos/SC, onde tamb\u00e9m viveu toda a sua juventude.</div>\r\n</div>\r\n<div class=\"x11i5rnm xat24cr x1mh8g0r x1vvkbs xtlvy1s x126k92a\">\r\n<div dir=\"auto\">O casal se conheceu em uma festa de comunidade no ano de 1961. Ele com 17 anos e ela 16, trocaram olhares e em seguida iniciaram o namoro.</div>\r\n</div>\r\n<div class=\"x11i5rnm xat24cr x1mh8g0r x1vvkbs xtlvy1s x126k92a\">\r\n<div dir=\"auto\">Uniram-se em matrim\u00f4nio no dia 15 de junho de 1963 e desta bela uni\u00e3o, constru\u00edda com muito amor e respeito tiveram 2 filhos, Neusa e Orildo.</div>\r\n</div>\r\n<div class=\"x11i5rnm xat24cr x1mh8g0r x1vvkbs xtlvy1s x126k92a\">\r\n<div dir=\"auto\">No ano de 1970 mudaram-se para o munic\u00edpio de Descanso, na Linha Vor\u00e1, onde constituiram suas ra\u00edzes e permanecem at\u00e9 hoje.</div>\r\n<div dir=\"auto\">Hoje com 4 netos e 2 bisnetos deixam registrada sua linda hist\u00f3ria e um legado de muito trabalho, companheirismo e exemplo a toda fam\u00edlia, sempre fazendo sua parte e sendo atuante na comunidade.</div>\r\n</div>\r\n<div class=\"x11i5rnm xat24cr x1mh8g0r x1vvkbs xtlvy1s x126k92a\">\r\n<div dir=\"auto\">Deste modo, fica registrada nessa Casa Legislativa a presente Mo\u00e7\u00e3o de Aplausos ao Casal Olivo e Vilce Durigon, em comemora\u00e7\u00e3o aos 60 anos de matrim\u00f4nio e como importante hist\u00f3ria que serve de inspira\u00e7\u00e3o a todos n\u00f3s.</div>\r\n</div>", "author_name": "", "version": "1.0", "author_url": "https://www.descanso.sc.leg.br/author/deo", "provider_name": "C\u00e2mara Municipal de Vereadores", "type": "rich"}