{"provider_url": "https://www.descanso.sc.leg.br", "title": "MO\u00c7\u00c3O N\u00ba 04/2024.", "html": "<div class=\"xdj266r x11i5rnm xat24cr x1mh8g0r x1vvkbs x126k92a\">\r\n<div dir=\"auto\">4\u00aa SESS\u00c3O ORDIN\u00c1RIA DO M\u00caS DE FEVEREIRO DE 2024.</div>\r\n</div>\r\n<div class=\"x11i5rnm xat24cr x1mh8g0r x1vvkbs xtlvy1s x126k92a\">\r\n<div dir=\"auto\">MO\u00c7\u00c3O N\u00ba 04/2024.</div>\r\n</div>\r\n<div class=\"x11i5rnm xat24cr x1mh8g0r x1vvkbs xtlvy1s x126k92a\">\r\n<div dir=\"auto\">O Vereador Giovani Busnello Vieira, vem respeitosamente, depois de cumpridas as formalidades legais e regimentais, apresentar a presente MO\u00c7\u00c3O DE REP\u00daDIO \u00c0S FALAS ANTISSIMISTAS DO PRESIDENTE DO BRASIL, LUIZ IN\u00c1CIO LULA DA SILVA, a qual comparou o leg\u00edtimo direito de defesa do Estado de Israel contra os ataques do Grupo Terrorista Hamas as Nazismo, desrespeitando a hist\u00f3ria e o trauma das fam\u00edlias de 6 milh\u00f5es de <span><a tabindex=\"-1\"></a></span>judeus exterminados pelo regime Nazista.</div>\r\n</div>\r\n<div class=\"x11i5rnm xat24cr x1mh8g0r x1vvkbs xtlvy1s x126k92a\">\r\n<div dir=\"auto\">Considerando que a Constitui\u00e7\u00e3o Brasileira e o C\u00f3digo Penal consideram o antissemitismo como Crime de Inj\u00faria Racial;</div>\r\n</div>\r\n<div class=\"x11i5rnm xat24cr x1mh8g0r x1vvkbs xtlvy1s x126k92a\">\r\n<div dir=\"auto\">Considerando que no Brasil vivem aproximadamente meio milh\u00e3o de cidad\u00e3os de origem Judaica;</div>\r\n</div>\r\n<div class=\"x11i5rnm xat24cr x1mh8g0r x1vvkbs xtlvy1s x126k92a\">\r\n<div dir=\"auto\">Considerando que o Estado de Israel foi criado em 1947 na Assembleia Geral das Na\u00e7\u00f5es Unidas, presidida pelo brasileiro Oswaldo Aranha;</div>\r\n</div>\r\n<div class=\"x11i5rnm xat24cr x1mh8g0r x1vvkbs xtlvy1s x126k92a\">\r\n<div dir=\"auto\">Considerando que Israel \u00e9 parceiro estrat\u00e9gico do Brasil h\u00e1 muitas d\u00e9cadas na \u00e1rea da seguran\u00e7a e tecnologia, escrevemos essa MO\u00c7\u00c3O DE REP\u00daDIO.</div>\r\n<div dir=\"auto\">Se aprovada, que essa mo\u00e7\u00e3o seja encaminhada ao e-mail da Presid\u00eancia da Rep\u00fablica e para o e-mail da Embaixada de Israel em Bras\u00edlia.</div>\r\n</div>", "author_name": "", "version": "1.0", "author_url": "https://www.descanso.sc.leg.br/author/deo", "provider_name": "C\u00e2mara Municipal de Vereadores", "type": "rich"}