{"provider_url": "https://www.descanso.sc.leg.br", "title": "MO\u00c7\u00c3O N\u00ba 02/2024.", "html": "<div class=\"xdj266r x11i5rnm xat24cr x1mh8g0r x1vvkbs x126k92a\">\r\n<div dir=\"auto\">1\u00aa SESS\u00c3O ORDIN\u00c1RIA DO M\u00caS DE FEVEREIRO DE 2024.</div>\r\n</div>\r\n<div class=\"x11i5rnm xat24cr x1mh8g0r x1vvkbs xtlvy1s x126k92a\">\r\n<div dir=\"auto\">MO\u00c7\u00c3O N\u00ba 02/2024.</div>\r\n</div>\r\n<div class=\"x11i5rnm xat24cr x1mh8g0r x1vvkbs xtlvy1s x126k92a\">\r\n<div dir=\"auto\">O Vereador Giovani Busnello Vieira, vem respeitosamente, depois de cumpridas as formalidades legais e regimentais, apresentar e requerer, se aprovada for, o envio de c\u00f3pia da presente MO\u00c7\u00c3O DE APELO ao DEINFRA de Santa Catarina.</div>\r\n</div>\r\n<div class=\"x11i5rnm xat24cr x1mh8g0r x1vvkbs xtlvy1s x126k92a\">\r\n<div dir=\"auto\">O <span><a tabindex=\"-1\"></a></span>Vereador Signat\u00e1rio, a pedido de mun\u00edcipes da Vila S\u00e3o Valentim, solicita que seja recolocado no mesmo local o Redutor de Velocidade ou lombada onde o mesmo foi retirado para conserto do trecho.</div>\r\n</div>\r\n<div class=\"x11i5rnm xat24cr x1mh8g0r x1vvkbs xtlvy1s x126k92a\">\r\n<div dir=\"auto\">Considerando a import\u00e2ncia que a seguran\u00e7a p\u00fablica representa para a gest\u00e3o do Estado e Munic\u00edpios, a relev\u00e2ncia dos servi\u00e7os prestados pela importante institui\u00e7\u00e3o do DEINFRA;</div>\r\n</div>\r\n<div class=\"x11i5rnm xat24cr x1mh8g0r x1vvkbs xtlvy1s x126k92a\">\r\n<div dir=\"auto\">Considerando o intenso tr\u00e1fego de ve\u00edculos e pedestres nesta via.</div>\r\n</div>\r\n<div class=\"x11i5rnm xat24cr x1mh8g0r x1vvkbs xtlvy1s x126k92a\">\r\n<div dir=\"auto\">Considerando que embora exista a presen\u00e7a de placas indicando a velocidade m\u00e1xima de 40 Km/h, estas sinaliza\u00e7\u00f5es n\u00e3o s\u00e3o respeitadas pela maioria dos motoristas.</div>\r\n</div>\r\n<div class=\"x11i5rnm xat24cr x1mh8g0r x1vvkbs xtlvy1s x126k92a\">\r\n<div dir=\"auto\">Considerando o risco eminente de acidentes neste trecho, colocando em perigo a integridade de quem transita pelo local.</div>\r\n</div>\r\n<div class=\"x11i5rnm xat24cr x1mh8g0r x1vvkbs xtlvy1s x126k92a\">\r\n<div dir=\"auto\">Solicita-se com urg\u00eancia a tomada de provid\u00eancias.</div>\r\n</div>", "author_name": "", "version": "1.0", "author_url": "https://www.descanso.sc.leg.br/author/deo", "provider_name": "C\u00e2mara Municipal de Vereadores", "type": "rich"}