{"provider_url": "https://www.descanso.sc.leg.br", "title": "MO\u00c7\u00c3O N\u00ba 01/2024.", "html": "<div class=\"xdj266r x11i5rnm xat24cr x1mh8g0r x1vvkbs x126k92a\">\r\n<div dir=\"auto\">1\u00aa SESS\u00c3O ORDIN\u00c1RIA DO M\u00caS DE FEVEREIRO DE 2024.</div>\r\n</div>\r\n<div class=\"x11i5rnm xat24cr x1mh8g0r x1vvkbs xtlvy1s x126k92a\">\r\n<div dir=\"auto\">MO\u00c7\u00c3O N\u00ba 01/2024.</div>\r\n</div>\r\n<div class=\"x11i5rnm xat24cr x1mh8g0r x1vvkbs xtlvy1s x126k92a\">\r\n<div dir=\"auto\">A Vereadora Odete Maria Andrioni Nora, vem respeitosamente, depois de cumpridas as formalidades legais e regimentais, apresentar a presente MO\u00c7\u00c3O DE APLAUSO E RECONHECIMENTO, ao atleta Tiago Dalla Possa.</div>\r\n</div>\r\n<div class=\"x11i5rnm xat24cr x1mh8g0r x1vvkbs xtlvy1s x126k92a\">\r\n<div dir=\"auto\">O <span><a tabindex=\"-1\"></a></span>Descansense Tiago Dalla Possa, 33 anos, formado em T\u00e9cnico Agr\u00edcola, filho de Miguel Dalla Possa e Margarida Zanol Dalla Possa, \u00e9 casado com Val\u00e9ria e pai do Rafel 6 anos e J\u00falia de 3 anos.</div>\r\n<div dir=\"auto\">Tiago tem sua hist\u00f3ria sendo marcada pelo esporte.</div>\r\n<div dir=\"auto\">Come\u00e7ando sua jornada no esporte da corrida em 2014 com o objetivo de mudar sua rotina de vida e buscando o emagrecimento, Tiago come\u00e7ou a se aprimorar no esporte e pensar em competi\u00e7\u00f5es.</div>\r\n<div dir=\"auto\">Sua decis\u00e3o de sair da zona de conforto e mudar a rotina o levou a descobrir uma paix\u00e3o, onde, essa paix\u00e3o pela corrida o impulsionou a participar ativamente do cen\u00e1rio esportivo.</div>\r\n<div dir=\"auto\">Em 2015 ingressou nas competi\u00e7\u00f5es de corrida de rua onde j\u00e1 garantiu seu primeiro p\u00f3dio nos 5 km na categoria geral do circuito UNIMED, depois disso Tiago n\u00e3o parou mais. Sempre com apoio e incentivo da fam\u00edlia come\u00e7ou a treinar muito buscando sempre o melhor resultado, Tiago estava sempre entre os destaques, entre os 5 primeiros colocados das provas executadas.</div>\r\n<div dir=\"auto\">Em 2017 teve sua segunda meia maratona feita na cidade de Blumenau, conseguindo a classifica\u00e7\u00e3o de 3\u00ba lugar na categoria faixa et\u00e1ria. Foi uma prova que contou com treinos intensos e muito apoio da fam\u00edlia, apoio este que foram essenciais na hora da competi\u00e7\u00e3o. No mesmo ano, no \u201cCircuito Oeste\u201d entre 7 cidades do Oeste, Tiago conseguiu na classifica\u00e7\u00e3o geral a 3\u00aa coloca\u00e7\u00e3o.</div>\r\n</div>\r\n<div class=\"x11i5rnm xat24cr x1mh8g0r x1vvkbs xtlvy1s x126k92a\">\r\n<div dir=\"auto\">O ano de 2023 Tiago teve conquistas significativas, e foi um ano bem competitivo, onde participou e completou 17 provas, 12 provas de 5km, 2 de 6km, 1 de 10 km, 1 de 15 km e 1 de 21 km, algumas delas em cidades maiores como Chapec\u00f3 e Francisco Beltr\u00e3o.</div>\r\n<div dir=\"auto\">Sempre enfrentando desafios log\u00edsticos devidos \u00e0s provas serem realizadas em diversas cidades fora do Munic\u00edpio, Tiago destaca a import\u00e2ncia da log\u00edstica e transporte. Ele ressalta a necessidade de incentivos para participar de mais eventos e competi\u00e7\u00f5es.</div>\r\n<div dir=\"auto\">Desde que come\u00e7ou no esporte de corrida de rua, Tiago vem se destacando cada vez mais e tendo seu nome consolidado entre os atletas de destaque na regi\u00e3o.</div>\r\n<div dir=\"auto\">Tiago enfatiza que nenhuma prova \u00e9 igual a outra, por mais que tenha treinado o m\u00e1ximo poss\u00edvel, na hora da prova existe v\u00e1rios crit\u00e9rios que a deixam mais f\u00e1cil ou mais dif\u00edcil, como percurso, competidores ou at\u00e9 mesmo a pr\u00f3pria meta para a determinada prova. Destacando ainda que a fam\u00edlia sempre foi sua base, o apoiando e o incentivando em todas as etapas.</div>\r\n<div dir=\"auto\">\u201cA possibilidade de concretizar um sonho \u00e9 o que faz a vida interessante, parab\u00e9ns pela determina\u00e7\u00e3o\u201d.</div>\r\n</div>", "author_name": "", "version": "1.0", "author_url": "https://www.descanso.sc.leg.br/author/deo", "provider_name": "C\u00e2mara Municipal de Vereadores", "type": "rich"}