{"provider_url": "https://www.descanso.sc.leg.br", "title": "MO\u00c7\u00c3O DE APELO N\u00ba 07/2023.", "html": "<div class=\"xdj266r x11i5rnm xat24cr x1mh8g0r x1vvkbs x126k92a\">\r\n<div dir=\"auto\">2\u00aa SESS\u00c3O ORDIN\u00c1RIA DO M\u00caS DE MAIO 2023.</div>\r\n</div>\r\n<div class=\"x11i5rnm xat24cr x1mh8g0r x1vvkbs xtlvy1s x126k92a\">\r\n<div dir=\"auto\">MO\u00c7\u00c3O DE APELO N\u00ba 07/2023.</div>\r\n</div>\r\n<div class=\"x11i5rnm xat24cr x1mh8g0r x1vvkbs xtlvy1s x126k92a\">\r\n<div dir=\"auto\">O Vereador Vlademir Oro, vem respeitosamente, depois de cumpridas as formalidades legais e regimentais, apresentar a presente MO\u00c7\u00c3O DE APELO, aos Excelent\u00edssimos Senhores: Jorginho Melo, Governador do Estado de Santa Catarina, Valdir Colatto, Secret\u00e1rio da Agricultura, da Pesca e do Desenvolvimento Rural de Santa Catarina, Mauro de Nadal, Presidente da Assembleia Legislativa Catarinense \u2013 ALESC e \u00e0 Ger\u00eancia <span><a tabindex=\"-1\"></a></span>Regional da CELESC de S\u00e3o Miguel do Oeste, para que:</div>\r\n</div>\r\n<div class=\"x11i5rnm xat24cr x1mh8g0r x1vvkbs xtlvy1s x126k92a\">\r\n<div dir=\"auto\">SEJA IMPLANTADA A REDE TRIF\u00c1SICA NO INTERIOR DO MUNIC\u00cdPIO DE DESCANSO.</div>\r\n</div>\r\n<div class=\"x11i5rnm xat24cr x1mh8g0r x1vvkbs xtlvy1s x126k92a\">\r\n<div dir=\"auto\">Considerando que os produtores rurais de diversas comunidades do interior do nosso munic\u00edpio respondem por um percentual substancioso do movimento econ\u00f4mico municipal e ainda concentra enorme capacidade de crescimento e desenvolvimento.</div>\r\n<div dir=\"auto\">Considerando que a grande maioria das fam\u00edlias residentes nas comunidades do interior do munic\u00edpio trabalham com diversas atividades, tais como, frigor\u00edfico de peixes na Linha Santa L\u00facia, vacas de leite na Linha Vor\u00e1, silos e produ\u00e7\u00e3o de su\u00ednos e aves, entre outros.</div>\r\n<div dir=\"auto\">Considerando as dificuldades encontradas por estes produtores que sofrem constantemente com queda, oscila\u00e7\u00e3o e descontrole da energia el\u00e9trica, bem como fluxos de baixa tens\u00e3o, prejudicando em muito as propriedades, bem como equipamentos e eletrodom\u00e9sticos;</div>\r\n<div dir=\"auto\">Considerando o alto custo da energia monof\u00e1sica em rela\u00e7\u00e3o \u00e0 trif\u00e1sica, bem como o menor custo para aquisi\u00e7\u00e3o de motores trif\u00e1sicos;</div>\r\n<div dir=\"auto\">Considerando o latente crescimento do setor do agroneg\u00f3cio e os significativos incrementos e aquisi\u00e7\u00f5es de novas tecnologias que demandam boa oferta de energia, visando o aumento da produ\u00e7\u00e3o e assim da competitividade;</div>\r\n<div dir=\"auto\">Considerando a not\u00f3ria falta de pot\u00eancia e capacidade no fornecimento de energia el\u00e9trica para que os agricultores possam produzir mais e melhor;</div>\r\n<div dir=\"auto\">Considerando ser dever do Estado e Munic\u00edpio oferecer aporte necess\u00e1rio e suficiente de servi\u00e7os e incentivos para a perman\u00eancia do agricultor no campo;</div>\r\n<div dir=\"auto\">Com respaldo nas justificativas acima e com objetivo de garantir qualidade de vida e condi\u00e7\u00f5es adequadas aos agricultores que movem nosso munic\u00edpio, o vereador signat\u00e1rio apresenta esta Mo\u00e7\u00e3o de Apelo.</div>\r\n</div>", "author_name": "", "version": "1.0", "author_url": "https://www.descanso.sc.leg.br/author/deo", "provider_name": "C\u00e2mara Municipal de Vereadores", "type": "rich"}