{"provider_url": "https://www.descanso.sc.leg.br", "title": "MO\u00c7\u00c3O DE APALUSO E RECONHECIMENTO N\u00ba 27/2023.", "html": "<div class=\"xdj266r x11i5rnm xat24cr x1mh8g0r x1vvkbs x126k92a\">\r\n<div dir=\"auto\">2\u00aa SESS\u00c3O ORDIN\u00c1RIA DO M\u00caS DE DEZEMBRO DE 2023.</div>\r\n</div>\r\n<div class=\"x11i5rnm xat24cr x1mh8g0r x1vvkbs xtlvy1s x126k92a\">\r\n<div dir=\"auto\">MO\u00c7\u00c3O DE APALUSO E RECONHECIMENTO N\u00ba 27/2023.</div>\r\n</div>\r\n<div class=\"x11i5rnm xat24cr x1mh8g0r x1vvkbs xtlvy1s x126k92a\">\r\n<div dir=\"auto\">O Vereador Vlademir Oro, vem respeitosamente, depois de cumpridas as formalidades legais e regimentais, apresentar a presente MO\u00c7\u00c3O DE APLAUSO E RECONHECIMENTO, ao m\u00e9dico Dr. ARNALDO DUMSCH, pelos relevantes servi\u00e7os m\u00e9dicos prestados ao Munic\u00edpio e sua popula\u00e7\u00e3o.</div>\r\n</div>\r\n<div class=\"x11i5rnm xat24cr x1mh8g0r x1vvkbs xtlvy1s x126k92a\">\r\n<div dir=\"auto\">O <span><a tabindex=\"-1\"></a></span>Dr. Arnaldo Dumsch nasceu em 17 de maio de 1938, em Curitiba, Estado do Paran\u00e1. Filho de Anastasia Dumsch e Alberto Dumsch. Cursou medicina e se formou em dezembro de 1963 pela renomada Pontif\u00edcia Universidade Cat\u00f3lica do Paran\u00e1.</div>\r\n<div dir=\"auto\">Sua vida foi dedicada \u00e0 \u00e1rea da sa\u00fade, exercendo a profiss\u00e3o de M\u00e9dico por mais de 5 d\u00e9cadas, e por volta do ano de 1965, passou a exercer a honr\u00e1vel profiss\u00e3o neste munic\u00edpio, onde hoje est\u00e1 situado o atual Centro Municipal de Sa\u00fade.</div>\r\n<div dir=\"auto\">Enraizou-se no munic\u00edpio de Descanso e regi\u00e3o, local onde residiu por longo per\u00edodo de tempo.</div>\r\n<div dir=\"auto\">Ao atender seus pacientes, sempre com muito zelo, educa\u00e7\u00e3o e dedica\u00e7\u00e3o, notava-se que entregava a vida \u00e0 medicina, lutando pela sa\u00fade de seus pacientes, independentemente de cor, ra\u00e7a, idade, condi\u00e7\u00e3o financeira, g\u00eanero ou orienta\u00e7\u00e3o sexual.</div>\r\n<div dir=\"auto\">Fazia partos, cesarianas, cirurgia em geral e cl\u00ednica m\u00e9dica. Atendeu todas as faixas et\u00e1rias, desde rec\u00e9m-nascidos at\u00e9 idosos e foi respons\u00e1vel por trazer ao mundo in\u00fameros Descansenses, bem como, tratar e salvar a vida de muitos deles.</div>\r\n<div dir=\"auto\">Junto da esposa Silvia Dumsch, com quem \u00e9 casado desde 28/11/1964, teve tr\u00eas filhas: Andrea Dumsch de Arag\u00f3n Ferreira (m\u00e9dica especializada em cirurgia card\u00edaca); Gisele Dumsch (advogada e funcion\u00e1ria p\u00fablica) e Simone Dumsch de Lima (professora de idiomas e corretora). \u00c9 av\u00f4 de Diego Dumsch de Arag\u00f3n Ferreira, Tiago Dumsch de Arag\u00f3n Ferreira e Ellen Dumsch Buscke.</div>\r\n<div dir=\"auto\">Quem conhece o Dr. Arnaldo sabe se tratar de pessoa muito correta, com personalidade ilibada e dedicada ao trabalho m\u00e9dico.</div>\r\n</div>\r\n<div class=\"x11i5rnm xat24cr x1mh8g0r x1vvkbs xtlvy1s x126k92a\">\r\n<div dir=\"auto\">Ali\u00e1s, poucas s\u00e3o as pessoas com quem conversamos hoje que quando tocamos no assunto \u201csa\u00fade e medicina\u201d n\u00e3o se recordam do Dr. Arnaldo e falam coisas do tipo: \u201cnaquela esquina onde hoje tem a pra\u00e7a era o antigo hospital do Dr. Arnaldo\u201d.</div>\r\n<div dir=\"auto\">O t\u00edtulo de cidad\u00e3o honor\u00e1rio, entregue ao homenageado nesta data, \u00e9 um t\u00edtulo de honraria que uma pessoa de import\u00e2ncia recebe, e poucos s\u00e3o os casos que temos neste Munic\u00edpio. O t\u00edtulo em quest\u00e3o equipara a pessoa homenageada a uma ado\u00e7\u00e3o oficial.</div>\r\n<div dir=\"auto\">A pessoa agraciada passa a ser um irm\u00e3o, um conterr\u00e2neo, uma pessoa da terra natal.</div>\r\n<div dir=\"auto\">Mesmo que o homenageado n\u00e3o tenha nascido ou n\u00e3o resida na localidade, para que se conceda tal homenagem, faz-se necess\u00e1rio que se diga o que ele (homenageado) fez, sem visar lucros, interesses pessoais ou profissionais, em defesa do povo da localidade que lhe concedeu tal cidadania.</div>\r\n<div dir=\"auto\">O Dr. Arnaldo, por sua vez, se enquadra perfeitamente nas qualidades exigidas para recebimento do presente t\u00edtulo, tanto \u00e9 que o Decreto Legislativo que lhe concede o t\u00edtulo de cidad\u00e3o honor\u00e1rio teve a aprova\u00e7\u00e3o un\u00e2nime dos colegas Vereadores desta Casa Legislativa.</div>\r\n<div dir=\"auto\">A concess\u00e3o do t\u00edtulo de Cidad\u00e3o Honor\u00e1rio \u00e9 uma mat\u00e9ria pr\u00f3pria dos poderes legislativos, nas tr\u00eas esferas da federa\u00e7\u00e3o brasileira. No \u00e2mbito do munic\u00edpio, est\u00e1 prevista na Lei Org\u00e2nica Municipal.</div>\r\n<div dir=\"auto\">O t\u00edtulo \u00e9 dado \u00e0 pessoa que reconhecidamente tenha prestado relevantes servi\u00e7os ao munic\u00edpio, como \u00e9 o caso do Dr. Arnaldo, que nunca mediu esfor\u00e7os para, no exerc\u00edcio da medicina e no curso de sua vida, fazer jus ao presente t\u00edtulo.</div>\r\n<div dir=\"auto\">Al\u00e9m do mais, cidad\u00e3o \u00e9 toda e qualquer pessoa que atue na vida da cidade e de alguma maneira tenha contribu\u00eddo ou contribua com a hist\u00f3ria do munic\u00edpio, mas a concess\u00e3o do presente t\u00edtulo, por sua vez, limita-se aqueles que, de fato, sejam figuras not\u00e1veis em nossa sociedade, pessoas lembradas frequentemente, porque muito fazem ou fizeram por nosso munic\u00edpio e sua popula\u00e7\u00e3o.</div>\r\n<div dir=\"auto\">Desta forma, por ser pessoa de refer\u00eancia na nossa sociedade e munic\u00edpio, entende este Vereador que, embora gesto singelo e pequeno diante dos relevantes trabalhos prestados por este profissional, Dr. Arnaldo \u00e9 certamente merecedor do t\u00edtulo de Cidad\u00e3o Honor\u00e1rio de Descanso, e mais uma vez, ao conceder-lhe o presente t\u00edtulo, este Vereador possui plena certeza que n\u00e3o somente seu anseio, mas da popula\u00e7\u00e3o Descansense em geral est\u00e1 sendo observado.</div>\r\n<div dir=\"auto\">Por todo o exposto, e devidamente justificado, \u00e9 deixado este gesto de cumprimento e admira\u00e7\u00e3o ao Dr. Arnaldo Dumsch, pessoa que tanto fez em sua hist\u00f3ria e pela de nosso munic\u00edpio.</div>\r\n</div>", "author_name": "", "version": "1.0", "author_url": "https://www.descanso.sc.leg.br/author/deo", "provider_name": "C\u00e2mara Municipal de Vereadores", "type": "rich"}