{"provider_url": "https://www.descanso.sc.leg.br", "title": "INDICA\u00c7\u00c3O N\u00ba 96/2023.", "html": "<div class=\"xdj266r x11i5rnm xat24cr x1mh8g0r x1vvkbs x126k92a\">\r\n<div dir=\"auto\">2\u00aa SESS\u00c3O ORDIN\u00c1RIA DO M\u00caS DE SETEMBRO 2023.</div>\r\n</div>\r\n<div class=\"x11i5rnm xat24cr x1mh8g0r x1vvkbs xtlvy1s x126k92a\">\r\n<div dir=\"auto\">INDICA\u00c7\u00c3O N\u00ba 96/2023.</div>\r\n</div>\r\n<div class=\"x11i5rnm xat24cr x1mh8g0r x1vvkbs xtlvy1s x126k92a\">\r\n<div dir=\"auto\">O vereador Vlademir Oro, que subscreve a presente Indica\u00e7\u00e3o, na forma regimental, requer o envio de expediente ao Chefe do Poder Executivo Municipal, para que atrav\u00e9s do setor competente, estude a possibilidade de conserto e manuten\u00e7\u00e3o da via no final da Avenida Marechal Deodoro que liga \u00e0 Rua Ant\u00f4nio Lauer, passando pelas fam\u00edlias Dalmolin, Colombo, Provenci at\u00e9 Chapea\u00e7\u00e3o e oficina do Bregalda.</div>\r\n</div>\r\n<div class=\"x11i5rnm xat24cr x1mh8g0r x1vvkbs xtlvy1s x126k92a\">\r\n<div dir=\"auto\"><span><a tabindex=\"-1\"></a></span>JUSTIFICATIVA</div>\r\n</div>\r\n<div class=\"x11i5rnm xat24cr x1mh8g0r x1vvkbs xtlvy1s x126k92a\">\r\n<div dir=\"auto\">A presente Indica\u00e7\u00e3o \u00e9 de extrema import\u00e2ncia para garantir um acesso e trafegabilidade adequados, bem como uma melhor qualidade de vida aos moradores da regi\u00e3o que sofrem com as p\u00e9ssimas condi\u00e7\u00f5es da estrada.</div>\r\n<div dir=\"auto\">Considerando ser uma via de importante tr\u00e2nsito, tanto de ve\u00edculos, como de pedestres, e a mesma apresenta risco para os que por ali passam.</div>\r\n<div dir=\"auto\">\u00c9 importante salientar que ainda contribuir\u00e1 para melhora da infraestrutura do munic\u00edpio e tamb\u00e9m para o desenvolvimento econ\u00f4mico e social do local.</div>\r\n</div>", "author_name": "", "version": "1.0", "author_url": "https://www.descanso.sc.leg.br/author/deo", "provider_name": "C\u00e2mara Municipal de Vereadores", "type": "rich"}