{"provider_url": "https://www.descanso.sc.leg.br", "title": "INDICA\u00c7\u00c3O N\u00ba 94/2023.", "html": "<div class=\"xdj266r x11i5rnm xat24cr x1mh8g0r x1vvkbs x126k92a\">\r\n<div dir=\"auto\">1\u00aa SESS\u00c3O ORDIN\u00c1RIA DO M\u00caS DE SETEMBRO DE 2023.</div>\r\n</div>\r\n<div class=\"x11i5rnm xat24cr x1mh8g0r x1vvkbs xtlvy1s x126k92a\">\r\n<div dir=\"auto\">INDICA\u00c7\u00c3O N\u00ba 94/2023.</div>\r\n</div>\r\n<div class=\"x11i5rnm xat24cr x1mh8g0r x1vvkbs xtlvy1s x126k92a\">\r\n<div dir=\"auto\">O vereador Giovani Busnello Vieira, que subscreve a presente Indica\u00e7\u00e3o, na forma regimental, requer o envio de expediente ao Chefe do Poder Executivo, para que atrav\u00e9s do setor competente, seja realizada pavimenta\u00e7\u00e3o asf\u00e1ltica na Rua Jo\u00e3o Lemos, entre a Avenida Santa Helena e Rua 2 de Julho.</div>\r\n</div>\r\n<div class=\"x11i5rnm xat24cr x1mh8g0r x1vvkbs xtlvy1s x126k92a\">\r\n<div dir=\"auto\"><span><a tabindex=\"-1\"></a></span>JUSTIFICATIVA</div>\r\n</div>\r\n<div class=\"x11i5rnm xat24cr x1mh8g0r x1vvkbs xtlvy1s x126k92a\">\r\n<div dir=\"auto\">A presente proposi\u00e7\u00e3o justifica-se por ser uma reivindica\u00e7\u00e3o da popula\u00e7\u00e3o em geral, por se tratar de uma via no cora\u00e7\u00e3o da cidade, de importante tr\u00e1fego e grande circula\u00e7\u00e3o.</div>\r\n<div dir=\"auto\">Importante salientar que o presente trecho j\u00e1 apresenta cal\u00e7amento, contudo acaba prejudicando o tr\u00e1fego local, al\u00e9m de que a pavimenta\u00e7\u00e3o asf\u00e1ltica contribui para uma melhor qualidade de vida para as pessoas, pois possibilita um tr\u00e1fego de ve\u00edculos mais seguro e confort\u00e1vel e valoriza ainda mais o munic\u00edpio.</div>\r\n</div>", "author_name": "", "version": "1.0", "author_url": "https://www.descanso.sc.leg.br/author/deo", "provider_name": "C\u00e2mara Municipal de Vereadores", "type": "rich"}