{"provider_url": "https://www.descanso.sc.leg.br", "title": "INDICA\u00c7\u00c3O N\u00ba 86/2023.", "html": "<div class=\"xdj266r x11i5rnm xat24cr x1mh8g0r x1vvkbs x126k92a\">\r\n<div dir=\"auto\">2\u00aa SESS\u00c3O ORDIN\u00c1RIA DO M\u00caS DE AGOSTO DE 2023.</div>\r\n</div>\r\n<div class=\"x11i5rnm xat24cr x1mh8g0r x1vvkbs xtlvy1s x126k92a\">\r\n<div dir=\"auto\">INDICA\u00c7\u00c3O N\u00ba 86/2023.</div>\r\n</div>\r\n<div class=\"x11i5rnm xat24cr x1mh8g0r x1vvkbs xtlvy1s x126k92a\">\r\n<div dir=\"auto\">O vereador Paulo Henrique Burin que subscreve a presente Indica\u00e7\u00e3o, na forma regimental, requer o envio de expediente ao Chefe do Poder Executivo Municipal, para que atrav\u00e9s do setor competente, realize um estudo acerca da possibilidade de realizar melhoramento na \u00e1rea coberta em frente ao Sal\u00e3o Paroquial, como fechamento da mesma, instala\u00e7\u00e3o de arquibancadas e refazer a sua cobertura, estendendo a mesma at\u00e9 <span><a tabindex=\"-1\"></a></span>pr\u00f3ximo a rotat\u00f3ria.</div>\r\n</div>\r\n<div class=\"x11i5rnm xat24cr x1mh8g0r x1vvkbs xtlvy1s x126k92a\">\r\n<div dir=\"auto\">JUSTIFICATIVA</div>\r\n</div>\r\n<div class=\"x11i5rnm xat24cr x1mh8g0r x1vvkbs xtlvy1s x126k92a\">\r\n<div dir=\"auto\">A presente proposi\u00e7\u00e3o justifica-se, pois, no ano de 2014 feito um investimento no valor de aproximadamente R$ 314.000,00 (trezentos e quatorze mil reais) para a constru\u00e7\u00e3o desta cobertura, entretanto hoje n\u00e3o possui utilidade nenhuma, pois em dias de chuva e vento n\u00e3o protege e em dias quentes de sol fica impossibilitado seu uso.</div>\r\n<div dir=\"auto\">Considerando a import\u00e2ncia de ter espa\u00e7os de lazer de qualidade no munic\u00edpio, que possam ser usufru\u00eddos por toda a comunidade para promo\u00e7\u00e3o de eventos, encontros e pr\u00e1ticas de esportes para jovens e crian\u00e7as.</div>\r\n<div dir=\"auto\">Os espa\u00e7os p\u00fablicos se tornam cada vez mais importantes no desenvolvimento sustent\u00e1vel de uma cidade, mostrando-se essenciais em seu planejamento para o alcance da relativa melhora na qualidade de vida de seus habitantes.</div>\r\n<div dir=\"auto\">Deste modo, certo da compreens\u00e3o de todos quanto a necessidade de dar um melhor proveito a esse investimento p\u00fablico, bem como conforto e op\u00e7\u00e3o aos nossos mun\u00edcipes o vereador signat\u00e1rio aguarda seu atendimento.</div>\r\n</div>", "author_name": "", "version": "1.0", "author_url": "https://www.descanso.sc.leg.br/author/deo", "provider_name": "C\u00e2mara Municipal de Vereadores", "type": "rich"}