{"provider_url": "https://www.descanso.sc.leg.br", "title": "INDICA\u00c7\u00c3O N\u00ba 84/2023.", "html": "<div class=\"xdj266r x11i5rnm xat24cr x1mh8g0r x1vvkbs x126k92a\">\r\n<div dir=\"auto\">3\u00aa SESS\u00c3O ORDIN\u00c1RIA DO M\u00caS DE JULHO DE 2023.</div>\r\n</div>\r\n<div class=\"x11i5rnm xat24cr x1mh8g0r x1vvkbs xtlvy1s x126k92a\">\r\n<div dir=\"auto\">INDICA\u00c7\u00c3O N\u00ba 84/2023.</div>\r\n</div>\r\n<div class=\"x11i5rnm xat24cr x1mh8g0r x1vvkbs xtlvy1s x126k92a\">\r\n<div dir=\"auto\">O vereador Volmir Adelar Casagrande que subscreve a presente Indica\u00e7\u00e3o, na forma regimental, requer o envio de expediente ao Chefe do Poder Executivo Municipal e ao Secretaria de Infraestrutura e Mobilidade do Estado de Santa Catarina \u2013 SIE, para que efetue melhorias necess\u00e1rias no redutor de velocidade localizado na SC 163, KM 78, Vila S\u00e3o Valentin, em frente a Mec\u00e2nica Padre Luiz Hantz.</div>\r\n</div>\r\n<div class=\"x11i5rnm xat24cr x1mh8g0r x1vvkbs xtlvy1s x126k92a\">\r\n<div dir=\"auto\"><span><a tabindex=\"-1\"></a></span>JUSTIFICATIVA</div>\r\n</div>\r\n<div class=\"x11i5rnm xat24cr x1mh8g0r x1vvkbs xtlvy1s x126k92a\">\r\n<div dir=\"auto\">A presente Proposi\u00e7\u00e3o se faz necess\u00e1ria considerando o p\u00e9ssimo estado em que se encontra o referido redutor de velocidade, dificultando e prejudicando o tr\u00e2nsito de ve\u00edculos.</div>\r\n</div>\r\n<div class=\"x11i5rnm xat24cr x1mh8g0r x1vvkbs xtlvy1s x126k92a\">\r\n<div dir=\"auto\">Importante ressaltar que uma boa sinaliza\u00e7\u00e3o e um bom estado das vias para tr\u00e1fego s\u00e3o imprescind\u00edveis para a seguran\u00e7a e integridade de todos, al\u00e9m de ser dever dos \u00f3rg\u00e3os sua manuten\u00e7\u00e3o.</div>\r\n</div>\r\n<div class=\"x11i5rnm xat24cr x1mh8g0r x1vvkbs xtlvy1s x126k92a\">\r\n<div dir=\"auto\">Com base em grandes reivindica\u00e7\u00f5es da comunidade e observando a urgente necessidade de manuten\u00e7\u00e3o, o vereador signat\u00e1rio aguarda seu atendimento.</div>\r\n</div>", "author_name": "", "version": "1.0", "author_url": "https://www.descanso.sc.leg.br/author/deo", "provider_name": "C\u00e2mara Municipal de Vereadores", "type": "rich"}