{"provider_url": "https://www.descanso.sc.leg.br", "title": "INDICA\u00c7\u00c3O N\u00ba 75/2023.", "html": "<div class=\"xdj266r x11i5rnm xat24cr x1mh8g0r x1vvkbs x126k92a\">\r\n<div dir=\"auto\">3\u00aa SESS\u00c3O ORDIN\u00c1RIA DO M\u00caS DE JUNHO DE 2023.</div>\r\n</div>\r\n<div class=\"x11i5rnm xat24cr x1mh8g0r x1vvkbs xtlvy1s x126k92a\">\r\n<div dir=\"auto\">INDICA\u00c7\u00c3O N\u00ba 75/2023.</div>\r\n</div>\r\n<div class=\"x11i5rnm xat24cr x1mh8g0r x1vvkbs xtlvy1s x126k92a\">\r\n<div dir=\"auto\">O vereador Denilso Francisco Vicentin, que subscreve a presente Indica\u00e7\u00e3o, na forma regimental, requer o envio de expediente ao Chefe do Poder Executivo, para que atrav\u00e9s do setor competente, seja realizado a constru\u00e7\u00e3o de piso e fechamento com paredes a \u00e1rea coberta destinada para recrea\u00e7\u00e3o na Creche no Distrito de Itajub\u00e1.</div>\r\n</div>\r\n<div class=\"x11i5rnm xat24cr x1mh8g0r x1vvkbs xtlvy1s x126k92a\">\r\n<div dir=\"auto\"><span><a tabindex=\"-1\"></a></span>JUSTIFICATIVA</div>\r\n</div>\r\n<div class=\"x11i5rnm xat24cr x1mh8g0r x1vvkbs xtlvy1s x126k92a\">\r\n<div dir=\"auto\">Considerando que o objetivo desta quadra era para uso da comunidade e alunos da creche, sendo uma \u00e1rea para divers\u00e3o, aprendizado e integra\u00e7\u00e3o social atrav\u00e9s da pr\u00e1tica de esportes.</div>\r\n<div dir=\"auto\">Considerando esta apenas contar com cobertura, sendo aberta e n\u00e3o tendo uma quadra/piso adequado, n\u00e3o sendo apta para uso devido as suas prec\u00e1rias condi\u00e7\u00f5es, al\u00e9m de limitar seu uso nos dias chuvosos e frios.</div>\r\n<div dir=\"auto\">Considerando a import\u00e2ncia das atividades para toda a comunidade, a \u00e1rea necessita ser adequada para uso permanente, independe das condi\u00e7\u00f5es clim\u00e1ticas e em \u00f3timo estado de conserva\u00e7\u00e3o e manuten\u00e7\u00e3o.</div>\r\n<div dir=\"auto\">Com base nisto, o vereador signat\u00e1rio requer sejam realizadas as presentes medidas, com objetivo de garantir um espa\u00e7o adequado e seguro para a comunidade.</div>\r\n</div>", "author_name": "", "version": "1.0", "author_url": "https://www.descanso.sc.leg.br/author/deo", "provider_name": "C\u00e2mara Municipal de Vereadores", "type": "rich"}