{"provider_url": "https://www.descanso.sc.leg.br", "title": "INDICA\u00c7\u00c3O N\u00ba 71/2023.", "html": "<div class=\"xdj266r x11i5rnm xat24cr x1mh8g0r x1vvkbs x126k92a\">\r\n<div dir=\"auto\">2\u00aa SESS\u00c3O ORDIN\u00c1RIA DO M\u00caS DE JUNHO DE 2023.</div>\r\n</div>\r\n<div class=\"x11i5rnm xat24cr x1mh8g0r x1vvkbs xtlvy1s x126k92a\">\r\n<div dir=\"auto\">INDICA\u00c7\u00c3O N\u00ba 71/2023.</div>\r\n</div>\r\n<div class=\"x11i5rnm xat24cr x1mh8g0r x1vvkbs xtlvy1s x126k92a\">\r\n<div dir=\"auto\">O vereador Vlademir Oro, que subscreve a presente Indica\u00e7\u00e3o, na forma regimental, requer o envio de expediente ao Chefe do Poder Executivo Municipal, para que atrav\u00e9s do setor competente, seja realizada a constru\u00e7\u00e3o de um parque infantil e uma academia ao ar livre no Bairro Jaroseski.</div>\r\n</div>\r\n<div class=\"x11i5rnm xat24cr x1mh8g0r x1vvkbs xtlvy1s x126k92a\">\r\n<div dir=\"auto\"><span><a tabindex=\"-1\"></a></span>JUSTIFICATIVA</div>\r\n</div>\r\n<div class=\"x11i5rnm xat24cr x1mh8g0r x1vvkbs xtlvy1s x126k92a\">\r\n<div dir=\"auto\">A presente proposi\u00e7\u00e3o visa atender a uma reivindica\u00e7\u00e3o da comunidade proporcionando um local para atividades recreativas e de conv\u00edvio familiar contemplando crian\u00e7as, adultos e idosos.</div>\r\n</div>\r\n<div class=\"x11i5rnm xat24cr x1mh8g0r x1vvkbs xtlvy1s x126k92a\">\r\n<div dir=\"auto\">A constru\u00e7\u00e3o de um parque infantil, adequado e bem estruturado, para oferecer maior seguran\u00e7a \u00e0s pessoas que venham frequentar esse lugar \u00e9 de suma import\u00e2ncia, tendo em vista que proporciona \u00e0s crian\u00e7as h\u00e1bitos mais saud\u00e1veis e o seu desenvolvimento no processo de socializa\u00e7\u00e3o.</div>\r\n</div>\r\n<div class=\"x11i5rnm xat24cr x1mh8g0r x1vvkbs xtlvy1s x126k92a\">\r\n<div dir=\"auto\">Assim como a constru\u00e7\u00e3o de uma academia ao ar livre \u00e9 importante medida para estimular e melhorar a qualidade de vida por meio da pr\u00e1tica de atividades f\u00edsicas, o que traz mais sa\u00fade a toda a popula\u00e7\u00e3o e estimula o conv\u00edvio social das pessoas do bairro.</div>\r\n</div>\r\n<div class=\"x11i5rnm xat24cr x1mh8g0r x1vvkbs xtlvy1s x126k92a\">\r\n<div dir=\"auto\">Salienta-se que tais edifica\u00e7\u00f5es ainda contribuem para a valoriza\u00e7\u00e3o e o embelezamento da localidade, al\u00e9m de dar adequada utiliza\u00e7\u00e3o aos espa\u00e7os p\u00fablicos.</div>\r\n</div>\r\n<div class=\"x11i5rnm xat24cr x1mh8g0r x1vvkbs xtlvy1s x126k92a\">\r\n<div dir=\"auto\">Certo da compreens\u00e3o de todos o vereador signat\u00e1rio aguarda pelo seu pronto atendimento.</div>\r\n</div>", "author_name": "", "version": "1.0", "author_url": "https://www.descanso.sc.leg.br/author/deo", "provider_name": "C\u00e2mara Municipal de Vereadores", "type": "rich"}