{"provider_url": "https://www.descanso.sc.leg.br", "title": "INDICA\u00c7\u00c3O N\u00ba 26/2024.", "html": "<div class=\"xdj266r x11i5rnm xat24cr x1mh8g0r x1vvkbs x126k92a\">\r\n<div dir=\"auto\">3\u00aa SESS\u00c3O ORDIN\u00c1RIA DO M\u00caS DE MAIO DE 2024.</div>\r\n</div>\r\n<div class=\"x11i5rnm xat24cr x1mh8g0r x1vvkbs xtlvy1s x126k92a\">\r\n<div dir=\"auto\">INDICA\u00c7\u00c3O N\u00ba 26/2024.</div>\r\n</div>\r\n<div class=\"x11i5rnm xat24cr x1mh8g0r x1vvkbs xtlvy1s x126k92a\">\r\n<div dir=\"auto\">A vereadora Fabiana Pasolini Capelesso, que subscreve a presente Indica\u00e7\u00e3o, na forma regimental, requer o envio de expediente ao Chefe do Poder Executivo Municipal, para que atrav\u00e9s do Conselho de Tr\u00e2nsito Municipal e Pol\u00edcia Militar de Descanso, estudem da possibilidade de instala\u00e7\u00e3o de c\u00e2meras de monitoramento em pontos estrat\u00e9gicos nas comunidades do interior do munic\u00edpio.</div>\r\n</div>\r\n<div class=\"x11i5rnm xat24cr x1mh8g0r x1vvkbs xtlvy1s x126k92a\">\r\n<div dir=\"auto\"><span class=\"html-span xdj266r x11i5rnm xat24cr x1mh8g0r xexx8yu x4uap5 x18d9i69 xkhd6sd x1hl2dhg x16tdsg8 x1vvkbs\"><a tabindex=\"-1\"></a></span>JUSTIFICATIVA</div>\r\n</div>\r\n<div class=\"x11i5rnm xat24cr x1mh8g0r x1vvkbs xtlvy1s x126k92a\">\r\n<div dir=\"auto\">Considerando que a presente proposi\u00e7\u00e3o possibilitar\u00e1 mais seguran\u00e7a \u00e0 popula\u00e7\u00e3o, inibindo pr\u00e1ticas delituosas, bem como, servindo de aux\u00edlio para a preserva\u00e7\u00e3o do patrim\u00f4nio p\u00fablico.</div>\r\n<div dir=\"auto\">Tal medida, ainda, possibilitar\u00e1 que as c\u00e2meras de monitoramento, quando necess\u00e1rio, sejam utilizadas pelas autoridades policiais para a solu\u00e7\u00e3o de eventuais furtos e roubos.</div>\r\n<div dir=\"auto\">Com base no exposto, a vereadora signat\u00e1ria aguarda seu atendimento.</div>\r\n</div>", "author_name": "", "version": "1.0", "author_url": "https://www.descanso.sc.leg.br/author/deo", "provider_name": "C\u00e2mara Municipal de Vereadores", "type": "rich"}