{"provider_url": "https://www.descanso.sc.leg.br", "title": "INDICA\u00c7\u00c3O N\u00ba 16/2024.", "html": "<div class=\"xdj266r x11i5rnm xat24cr x1mh8g0r x1vvkbs x126k92a\">\r\n<div dir=\"auto\">4\u00aa SESS\u00c3O ORDIN\u00c1RIA DO M\u00caS DE MAR\u00c7O DE 2024.</div>\r\n</div>\r\n<div class=\"x11i5rnm xat24cr x1mh8g0r x1vvkbs xtlvy1s x126k92a\">\r\n<div dir=\"auto\">INDICA\u00c7\u00c3O N\u00ba 16/2024.</div>\r\n</div>\r\n<div class=\"x11i5rnm xat24cr x1mh8g0r x1vvkbs xtlvy1s x126k92a\">\r\n<div dir=\"auto\">A vereadora Fabiana Pasolini Capelesso, que subscreve a presente Indica\u00e7\u00e3o, na forma regimental, requer o envio de expediente ao Chefe do Poder Executivo Municipal, para que atrav\u00e9s do setor competente, seja constru\u00eddo abrigo em pontos de \u00f4nibus escolar na Linha Alegre proximidades da fam\u00edlia de Sidnir Provensi, e outras duas na Linha S\u00e3o Br\u00e1s, uma pr\u00f3ximo a fam\u00edlia do Senhor Marcelino Moreira dos Santos, e <span><a tabindex=\"-1\"></a></span>outra ao lado da encruzilhada que desce pra fazenda do Senhor Ol\u00edmpio Bruneto.</div>\r\n</div>\r\n<div class=\"x11i5rnm xat24cr x1mh8g0r x1vvkbs xtlvy1s x126k92a\">\r\n<div dir=\"auto\">JUSTIFICATIVA</div>\r\n</div>\r\n<div class=\"x11i5rnm xat24cr x1mh8g0r x1vvkbs xtlvy1s x126k92a\">\r\n<div dir=\"auto\">A presente Indica\u00e7\u00e3o tem como objetivo a constru\u00e7\u00e3o de abrigos em pontos de \u00f4nibus escolares, nas localiza\u00e7\u00f5es acima citada.</div>\r\n<div dir=\"auto\">Trata-se de pontos utilizados como refer\u00eancia de parada para \u00f4nibus escolar, onde atualmente as crian\u00e7as n\u00e3o possuem amparo contra as intemp\u00e9ries e tr\u00e2nsito da regi\u00e3o e aguardam expostas ao sol quente, chuva e neblina.</div>\r\n</div>\r\n<div class=\"x11i5rnm xat24cr x1mh8g0r x1vvkbs xtlvy1s x126k92a\">\r\n<div dir=\"auto\">A constru\u00e7\u00e3o desses abrigos al\u00e9m de garantir maior conforto e seguran\u00e7a proporcionar\u00e1 meio de espera adequado \u00e0s crian\u00e7as que necessitam do transporte diariamente.</div>\r\n</div>", "author_name": "", "version": "1.0", "author_url": "https://www.descanso.sc.leg.br/author/deo", "provider_name": "C\u00e2mara Municipal de Vereadores", "type": "rich"}