{"provider_url": "https://www.descanso.sc.leg.br", "title": "INDICA\u00c7\u00c3O N\u00ba 10/2024.", "html": "<div class=\"xdj266r x11i5rnm xat24cr x1mh8g0r x1vvkbs x126k92a\">\r\n<div dir=\"auto\">1\u00aa SESS\u00c3O ORDIN\u00c1RIA DO M\u00caS DE MAR\u00c7O DE 2024.</div>\r\n</div>\r\n<div class=\"x11i5rnm xat24cr x1mh8g0r x1vvkbs xtlvy1s x126k92a\">\r\n<div dir=\"auto\">INDICA\u00c7\u00c3O N\u00ba 10/2024.</div>\r\n</div>\r\n<div class=\"x11i5rnm xat24cr x1mh8g0r x1vvkbs xtlvy1s x126k92a\">\r\n<div dir=\"auto\">A Vereadora Odete Maria Andrioni Nora, que subscreve a presente Indica\u00e7\u00e3o, na forma regimental, requer o envio de expediente ao Chefe do Poder Executivo Municipal, para que atrav\u00e9s do setor competente, estude a viabilidade de coloca\u00e7\u00e3o de um Container para os feirantes da Agricultura Familiar e Artesanatos do Munic\u00edpio.</div>\r\n</div>\r\n<div class=\"x11i5rnm xat24cr x1mh8g0r x1vvkbs xtlvy1s x126k92a\">\r\n<div dir=\"auto\"><span><a tabindex=\"-1\"></a></span>JUSTIFICATIVA</div>\r\n</div>\r\n<div class=\"x11i5rnm xat24cr x1mh8g0r x1vvkbs xtlvy1s x126k92a\">\r\n<div dir=\"auto\">Quem visita a feira, confirma a qualidade dos produtos oriundos da agricultura familiar e encanta-se com os artesanatos.</div>\r\n<div dir=\"auto\">Considerando que a feira conta hoje com 5 expositores, que acontece no p\u00e1tio junto ao Posto Dalto\u00e9 toda sexta-feira, e atende um grande n\u00famero de mun\u00edcipes, onde os pequenos produtores mostram seus produtos e pe\u00e7as artesanais de muita qualidade, tamb\u00e9m oportunizam a popula\u00e7\u00e3o de conhecer e valorizar o que \u00e9 feito pelo nosso povo, adquirindo os produtos expostos.</div>\r\n<div dir=\"auto\">Considerando que em dias de muita chuva ou muito frio fica inviabilizado de fazer a feira, pois contam apenas com uma tenda, e em dias muito quentes correm o risco de ter alimentos perdidos pelo excesso de calor, fazendo com que feirantes tenham preju\u00edzos com seus produtos.</div>\r\n<div dir=\"auto\">Pelo exposto, e na certeza de estar reivindicando uma real necessidade a vereadora signat\u00e1ria pede e aguarda seu atendimento.</div>\r\n</div>", "author_name": "", "version": "1.0", "author_url": "https://www.descanso.sc.leg.br/author/deo", "provider_name": "C\u00e2mara Municipal de Vereadores", "type": "rich"}