{"provider_url": "https://www.descanso.sc.leg.br", "title": "ENCONTRO ESTADUAL DOS VEREADORES 2018", "html": "<p><span>\u00a0</span></p>\r\n<p>Na \u00faltima semana que passou nos dias 14/03 a 16/03, alguns Vereadores desta Casa Legislativa juntamente com o Assessor Jur\u00eddico, participaram do encontro Estadual dos Vereadores do Estado de Santa Catarina UVESC (Uni\u00e3o dos Vereadores do Estado de Santa Catarina), em Florian\u00f3polis Santa Catarina.</p>\r\n<p align=\"center\">Como de costume \u00e9 realizado esse encontro todos os anos, onde a C\u00e2mara de Vereadores de Descanso \u00e9 associada, neste ano reuniu mais de 300 participantes entre Vereadores e Servidores das C\u00e2maras Municipais de todo o Estado.</p>\r\n<p align=\"center\">Conforme a Programa\u00e7\u00e3o Oficial divulgada o Evento come\u00e7ou com a Solenidade de Abertura sob a Presid\u00eancia do Vereador Adelar Provenci, Conselheiro Presidente da UVESC, com as presen\u00e7as do Excelent\u00edssimo Governador do Estado, Dr. Eduardo Pinho Moreira, DR. Cid Goulat Junior, Representado o TRE-SC, Conselheiro Wilkson Wan-Dall, Corregedor \u2013 Geral do TCE-SC representando a sua Entidade, Vereador, Orvino Coelho \u00c1vila, Presidente da C\u00e2mara Municipal de S\u00e3o Jos\u00e9, Vereador, Gilson Conzatti, Presidente da Uni\u00e3o dos Vereadores do Brasil e a Vereadora, Raquel Elma Morh Steiernagel, Presidente do F\u00f3rum Permanente da Mulher Parlamentar da UVESC.</p>\r\n<p align=\"center\">Logo ap\u00f3s os pronunciamentos das Autoridades presentes, o Presidente Adelar deu por encerrada a Solenidade de Abertura e de in\u00edcio \u00e0 primeira</p>\r\n<p align=\"center\">Palestra com o <b>Tema \u201cFala Vereador\u201d.</b></p>\r\n<p style=\"text-align: center; \"><b>Palestrante(s):</b></p>\r\n<p style=\"text-align: center; \"><b>Orvino Coelho de \u00c1vila - Presidente da C\u00e2mara Municipal de S\u00e3o Jos\u00e9/SC.</b></p>\r\n<p style=\"text-align: center; \"><b>A seguir segue a Pauta do Evento:</b></p>\r\n<p style=\"text-align: center; \"><b></b><b>\u00a0</b></p>\r\n<p align=\"center\"><b>14h00min</b><b></b></p>\r\n<p align=\"center\"><b>Palestra: \"Mitos e verdades da administra\u00e7\u00e3o p\u00fablica\"</b></p>\r\n<table>\r\n<tbody>\r\n<tr>\r\n<td>\r\n<p><b>Palestrante(s):</b></p>\r\n<p style=\"text-align: center; \"><b>Murilo Flores - Secret\u00e1rio de Planejamento de Santa Catarina.</b><b></b></p>\r\n</td>\r\n<td></td>\r\n</tr>\r\n</tbody>\r\n</table>\r\n<p align=\"center\" style=\"text-align: center; \"><b>15h15min</b></p>\r\n<p align=\"center\" style=\"text-align: center; \"><b>Palestra: \"Reforma da Previd\u00eancia\"</b></p>\r\n<table>\r\n<tbody>\r\n<tr>\r\n<td>\r\n<p><b>Palestrante(s):</b></p>\r\n<p><b>Thiago Martinelli Veiga - Presidente da Comiss\u00e3o Previdenci\u00e1ria da OAB/SC</b><b></b></p>\r\n</td>\r\n<td></td>\r\n</tr>\r\n</tbody>\r\n</table>\r\n<p align=\"center\" style=\"text-align: center; \"><b>\u00a0</b></p>\r\n<p align=\"center\" style=\"text-align: center; \"><b>16h30min</b></p>\r\n<p align=\"center\" style=\"text-align: center; \"><b>Apresenta\u00e7\u00e3o de Mo\u00e7\u00f5es: \"Discuss\u00e3o e Vota\u00e7\u00e3o\"</b></p>\r\n<p align=\"center\" style=\"text-align: center; \"><b>\u00a0</b></p>\r\n<p align=\"center\" style=\"text-align: center; \"><b><span>2\u00ba DIA \u2013 15/03</span></b></p>\r\n<p align=\"center\" style=\"text-align: center; \"><b>09h00min</b></p>\r\n<p align=\"center\" style=\"text-align: center; \"><b>Palestra: \"Condutas vedadas aos vereadores em ano eleitoral\"</b></p>\r\n<table>\r\n<tbody>\r\n<tr>\r\n<td>\r\n<p><b>Palestrante(s):</b></p>\r\n<p><b>Hugo Frederico Vieira Neves - T\u00e9cnico Judici\u00e1rio e Assessor Jur\u00eddico do TRE/SC.</b><b></b></p>\r\n</td>\r\n<td></td>\r\n</tr>\r\n</tbody>\r\n</table>\r\n<p align=\"center\" style=\"text-align: center; \"><b>\u00a0</b></p>\r\n<p align=\"center\" style=\"text-align: center; \"><b>10h15min</b></p>\r\n<p align=\"center\" style=\"text-align: center; \"><b>Palestra: \"Despesas com di\u00e1ria, eventos, r\u00e1dio comunit\u00e1ria e outros temas na vis\u00e3o do TCE/SC.</b></p>\r\n<table>\r\n<tbody>\r\n<tr>\r\n<td>\r\n<p><b>Palestrante(s):</b></p>\r\n<p><b>Dr. Mois\u00e9s Hoegenn - Diretor da DMU do TCE/SC</b><b></b></p>\r\n</td>\r\n<td></td>\r\n</tr>\r\n</tbody>\r\n</table>\r\n<p align=\"center\" style=\"text-align: center; \"><b>\u00a0</b></p>\r\n<p align=\"center\" style=\"text-align: center; \"><b>14h00min</b></p>\r\n<p align=\"center\" style=\"text-align: center; \"><b>Palestra: \"Pol\u00edticas e perspectivas na seguran\u00e7a p\u00fablica de Santa Catarina\"</b></p>\r\n<table>\r\n<tbody>\r\n<tr>\r\n<td>\r\n<p><b>Palestrante(s):</b></p>\r\n<p><b>Dr. Aldo Pinheiro D'Avila - Secret\u00e1rio Adjunto da SSP</b><b></b></p>\r\n</td>\r\n<td></td>\r\n</tr>\r\n</tbody>\r\n</table>\r\n<p align=\"center\" style=\"text-align: center; \"><b>\u00a0</b></p>\r\n<p align=\"center\" style=\"text-align: center; \"><b>15h15min</b></p>\r\n<p align=\"center\" style=\"text-align: center; \"><b>Palestra: \"Carga Tribut\u00e1ria a grande vil\u00e3\"</b></p>\r\n<p style=\"text-align: center; \"><b>Palestrante(s):</b></p>\r\n<p align=\"center\" style=\"text-align: center; \"><b>Jonny Zulauf - Presidente da FACISC</b></p>\r\n<p align=\"center\" style=\"text-align: center; \"><b>\u00a0</b></p>\r\n<p align=\"center\" style=\"text-align: center; \"><b>16h00min</b></p>\r\n<p align=\"center\" style=\"text-align: center; \"><b>Palestra: \"Quais as solu\u00e7\u00f5es para o sistema vi\u00e1rio estadual\"</b></p>\r\n<table>\r\n<tbody>\r\n<tr>\r\n<td>\r\n<p><b>Palestrante(s):</b><b></b></p>\r\n<p><b>Luiz Fernando Cardoso - Secret\u00e1rio de Infraestrutura de Santa Catarina.</b></p>\r\n</td>\r\n</tr>\r\n</tbody>\r\n</table>\r\n<p align=\"center\" style=\"text-align: center; \"><b><span><br /></span></b></p>\r\n<p align=\"center\" style=\"text-align: center; \"><b><span>3\u00ba DIA \u2013 16/03</span></b></p>\r\n<p align=\"center\" style=\"text-align: center; \"><b>9h00min</b></p>\r\n<p align=\"center\" style=\"text-align: center; \"><b>Palestra: \"Pol\u00edtica para a educa\u00e7\u00e3o, planejamento\"</b></p>\r\n<table>\r\n<tbody>\r\n<tr>\r\n<td>\r\n<p><b>Palestrante<i>(s):</i></b><b><i></i></b></p>\r\n<p><b>Eduardo<i> Deschamps - Secret\u00e1rio de Educa\u00e7\u00e3o de Santa Catarina.</i></b><b></b></p>\r\n</td>\r\n</tr>\r\n</tbody>\r\n</table>\r\n<p style=\"text-align: center; \"><b>\u00a0</b><span>O Presidente desta Entidade, Vereador, Adelar Provenci, ao final deste Evento agradeceu mais uma vez a presen\u00e7a de todos e enfatizou o Anivers\u00e1rio de 45 anos da funda\u00e7\u00e3o da UVESC e que ser\u00e1 comemorado no Semin\u00e1rio Estadual de Vereadores que dever\u00e1 ocorrer no pr\u00f3ximo m\u00eas de agosto.</span></p>\r\n<p style=\"text-align: center; \"><span><br /></span></p>\r\n<p align=\"center\"><b>Aproveitando a viagem os Vereadores, juntamente com o Assessor Jur\u00eddico participaram de uma reuni\u00e3o com o Chefe de Gabinete do Governador Dr. Eduardo Pinho Moreira, o Sr. Luiz Temp, em busca de recursos para finalizar as obras do Gin\u00e1sio Municipal de Descanso.</b></p>\r\n<p align=\"center\">\u00a0</p>\r\n<p style=\"text-align: center; \"><span><br /></span></p>", "author_name": "", "version": "1.0", "author_url": "https://www.descanso.sc.leg.br/author/deo", "provider_name": "C\u00e2mara Municipal de Vereadores", "type": "rich"}