{"provider_url": "https://www.descanso.sc.leg.br", "title": "Diploma\u00e7\u00e3o dos vereadores mirins", "html": "<p>No dia 17, foi realizada a diploma\u00e7\u00e3o dos vereadores mirins, eleito pelo Programa Vereador Mirim. A cerim\u00f4nia ocorreu no plen\u00e1rio da C\u00e2mara de Vereadores de Descanso e contou com a participa\u00e7\u00e3o dos vereadores, pais/respons\u00e1veis dos vereadores mirins, diretores, funcion\u00e1rios p\u00fablicos, e entre outras pessoas que prestigiaram o evento. O Programa Vereador Mirim \u00e9 uma iniciativa do Poder Legislativo Municipal. \u00a0</p>\r\n<p>No pr\u00f3ximo dia 30 ocorrer\u00e1 \u00e0 sess\u00e3o solene de posse dos vereadores mirins, \u00e1s 9h00min no plen\u00e1rio da C\u00e2mara Municipal de Vereadores de Descanso.</p>\r\n<p><img src=\"https://www.descanso.sc.leg.br/institucional/fotos/WhatsAppImage20190418at10.42.51.jpeg/@@images/e7c6e7a0-570b-4bf2-b5f5-0074475a82f2.jpeg\" alt=\"\" class=\"image-inline\" title=\"\" /></p>\r\n<p><img src=\"https://www.descanso.sc.leg.br/institucional/fotos/diplomaovereadomirim6.jpeg/@@images/43f93a1a-0dda-4504-9a37-39da23f6dbdb.jpeg\" alt=\"\" class=\"image-inline\" title=\"\" /><img src=\"https://www.descanso.sc.leg.br/institucional/fotos/diplomaovereadomirim20.jpeg/@@images/135e40ba-a6c9-45ed-a6ae-a520746d5a4c.jpeg\" alt=\"\" class=\"image-inline\" title=\"\" /><img src=\"https://www.descanso.sc.leg.br/institucional/fotos/diplomaovereadomirim22.jpeg/@@images/a279d90a-b22f-4595-b8ac-00d98982536c.jpeg\" alt=\"\" class=\"image-inline\" title=\"\" /><img src=\"https://www.descanso.sc.leg.br/institucional/fotos/diplomaovereadomirim21.jpeg/@@images/038d9493-b0e6-48f0-90c2-7e08dc021a32.jpeg\" alt=\"\" class=\"image-inline\" title=\"\" /><img src=\"https://www.descanso.sc.leg.br/institucional/fotos/diplomaovereadomirim23.jpeg/@@images/ecad5c01-5b7c-4ee7-b1c9-35f18a334fa4.jpeg\" alt=\"\" class=\"image-inline\" title=\"\" /><img src=\"https://www.descanso.sc.leg.br/institucional/fotos/diplomaovereadomirim24.jpeg/@@images/62e1213a-89f9-4f78-a166-964b06d4f248.jpeg\" alt=\"\" class=\"image-inline\" title=\"\" /><img src=\"https://www.descanso.sc.leg.br/institucional/fotos/diplomaovereadomirim25.jpeg/@@images/4d5911ee-9a65-485c-bcbf-738811b43391.jpeg\" alt=\"\" class=\"image-inline\" title=\"\" /><img src=\"https://www.descanso.sc.leg.br/institucional/fotos/diplomaovereadomirim26.jpeg/@@images/d78d49a1-7004-4d2a-bd6e-8576b68fc6f6.jpeg\" alt=\"\" class=\"image-inline\" title=\"\" /><img src=\"https://www.descanso.sc.leg.br/institucional/fotos/diplomaovereadomirim1.jpeg/@@images/a26712a4-c65a-4a54-92b7-ddce63abf4fe.jpeg\" alt=\"\" class=\"image-inline\" title=\"\" /><img src=\"https://www.descanso.sc.leg.br/institucional/fotos/diplomaovereadomirim2.jpeg/@@images/d98006bb-1798-481a-8ff8-50523bf6f33a.jpeg\" alt=\"\" class=\"image-inline\" title=\"\" /><img src=\"https://www.descanso.sc.leg.br/institucional/fotos/diplomaovereadomirim7.jpeg/@@images/3ed755d4-2dff-43a6-b4bc-ca7fd6769236.jpeg\" alt=\"\" class=\"image-inline\" title=\"\" /><img src=\"https://www.descanso.sc.leg.br/institucional/fotos/diplomaovereadomirim4.jpeg/@@images/16bb0aaa-c9cb-4a37-b0a8-aca62a675cff.jpeg\" alt=\"\" class=\"image-inline\" title=\"\" /><img src=\"https://www.descanso.sc.leg.br/institucional/fotos/diplomaovereadomirim5.jpeg/@@images/baa32589-db2f-4dc7-afcb-4242947e671d.jpeg\" alt=\"\" class=\"image-inline\" title=\"\" /><img src=\"https://www.descanso.sc.leg.br/institucional/fotos/diplomaovereadomirim9.jpeg/@@images/400393cb-3a1c-4a16-9b4a-0f53c1431a76.jpeg\" alt=\"\" class=\"image-inline\" title=\"\" /><img src=\"https://www.descanso.sc.leg.br/institucional/fotos/diplomaovereadomirim10.jpeg/@@images/7a93f4af-43cb-4c0c-8661-95f23fe92dfc.jpeg\" alt=\"\" class=\"image-inline\" title=\"\" /></p>", "author_name": "", "version": "1.0", "author_url": "https://www.descanso.sc.leg.br/author/deo", "provider_name": "C\u00e2mara Municipal de Vereadores", "type": "rich"}