{"provider_url": "https://www.descanso.sc.leg.br", "title": "Convite para Sess\u00f5es Extraordin\u00e1ria de 2019", "html": "<p style=\"text-align: justify; \">A C\u00e2mara de Vereadores de Descanso convida toda popula\u00e7\u00e3o Descansense para prestigiarem a 1\u00aa e 2\u00aa Sess\u00e3o Extraordin\u00e1ria de 2019, a ser realizada Ter\u00e7a-feira 29/10/2019 \u00e0s 18h30min e 19h00, respectivamente, no Sal\u00e3o Nobre Prefeito \u00c2ngelo Bedin.</p>\r\n<p style=\"text-align: justify; \">Na oportunidade ser\u00e1 realizada a 1\u00aa e 2\u00aa vota\u00e7\u00e3o do Projeto de Lei n\u00ba 32/2019, que \u201cDISP\u00d5E SOBRE A REFORMULA\u00c7\u00c3O DO SERVI\u00c7O DE INSPE\u00c7\u00c3O MUNICIPAL DE PRODUTOS DE ORIGEM ANIMAL (S.I.M./POA) NO TERRIT\u00d3RIO DE DESCANSO, SC, E D\u00c1 OUTRAS PROVID\u00caNCIAS\u201d.</p>", "author_name": "", "version": "1.0", "author_url": "https://www.descanso.sc.leg.br/author/deo", "provider_name": "C\u00e2mara Municipal de Vereadores", "type": "rich"}