{"provider_url": "https://www.descanso.sc.leg.br", "title": "CAPACITA\u00c7\u00c3O DOS VEREADORES MIRINS", "html": "<p>Os Vereadores Mirins, titulares e suplentes eleitos para o mandato de 2019 da C\u00e2mara Municipal de Vereadores de Descanso passaram por capacita\u00e7\u00e3o na manh\u00e3 desta segunda-feira (08/04). Os parlamentares conheceram a sede do Legislativo, os novos colegas e os direitos e deveres que ser\u00e3o exercidos ao longo do mandato.<span></span></p>\r\n<p><span>Os trabalhos de forma\u00e7\u00e3o foram conduzidos pela professora Marin\u00eas Zembruski Brun, abordando o tema: Orat\u00f3ria - a arte em falar em p\u00fablico. A professora Marin\u00eas possui Gradua\u00e7\u00e3o em L\u00edngua Portuguesa e Literatura com habilita\u00e7\u00e3o em L\u00edngua Alem\u00e3, P\u00f3s-Gradua\u00e7\u00e3o em Metodologia do Ensino de L\u00ednguas, Mestrado em Educa\u00e7\u00e3o. Trabalha atualmente na Escola de Educa\u00e7\u00e3o B\u00e1sica Everardo Backheuser.</span></p>\r\n<p><span>A segunda parte da forma\u00e7\u00e3o foi ministrada pelo Assessor Jur\u00eddico, Erasmo Carlos Gabiatti, e pela Secret\u00e1ria Executiva, Neusa Machado da Silva, explanando sobre o Regimento Interno dos Vereadores Mirins, bem como a estrutura organizacional do Poder Legislativo e seu funcionamento administrativo, o processo e t\u00e9cnicas legislativas, al\u00e9m de enfatizar as atividades e atribui\u00e7\u00f5es dos Vereadores Mirins e realizando uma pequena demonstra\u00e7\u00e3o de uma Sess\u00e3o Ordin\u00e1ria.</span></p>\r\n<p>A pr\u00f3xima atividade dos Vereadores Mirins \u00e9 participar de uma Sess\u00e3o Ordin\u00e1ria, que ser\u00e1 no pr\u00f3ximo dia 16/04, \u00e0s 19h00min, com diploma\u00e7\u00e3o dos Vereadores Mirins e Suplentes.<span></span></p>\r\n<p>Os novos representantes Mirins tomam posse em Sess\u00e3o Solene que acontecer\u00e1 no dia 30 de abril, \u00e0s 09h00min, com Elei\u00e7\u00e3o da Mesa Diretora Mirim, no Sal\u00e3o Nobre Prefeito \u00c2ngelo Bedin. Os vereadores participam da primeira Sess\u00e3o Ordin\u00e1ria no dia 08 de maio, \u00e0s 08h30min, e poder\u00e3o apresentar propostas e defender as suas ideias por interm\u00e9dio de proposi\u00e7\u00f5es.<span></span></p>\r\n<p><span>Durante o curso houve a participa\u00e7\u00e3o do Vereador Presidente Marcos Baldo, Vereador Volmir Adelar Casagrande, Professores, Pais/representantes dos alunos e Servidores da C\u00e2mara.</span></p>\r\n<p><span>O Presidente da C\u00e2mara, Marcos Baldo, enalteceu o conte\u00fado ministrado durante o curso, haja vista a dedica\u00e7\u00e3o dos palestrantes e dos alunos, o que certamente acarretar\u00e1 uma excelente prepara\u00e7\u00e3o aos Vereadores Mirins, ressaltando o objetivo do programa que \u00e9 envolver a C\u00e2mara de Vereadores e a Comunidade Escolar, onde os Vereadores Mirins poder\u00e3o discutir importantes temas para a cidade, assim como identificar situa\u00e7\u00f5es e poss\u00edveis solu\u00e7\u00f5es de problemas existentes no Munic\u00edpio de Descanso.</span></p>\r\n<p><img src=\"https://www.descanso.sc.leg.br/institucional/fotos/file92.jpeg/@@images/d4ac8b91-32a4-4084-8b5b-38c7a76d0aa2.jpeg\" alt=\"\" class=\"image-inline\" title=\"\" /></p>\r\n<p><span><img src=\"https://www.descanso.sc.leg.br/institucional/fotos/file25.jpeg/@@images/b8320eed-8285-47cc-98c4-79ee7528a5ee.jpeg\" alt=\"\" class=\"image-inline\" title=\"\" /><img src=\"https://www.descanso.sc.leg.br/institucional/fotos/file43.jpeg/@@images/616606d6-23a7-4639-bcaa-2ed7114aa658.jpeg\" alt=\"\" class=\"image-inline\" title=\"\" /></span></p>\r\n<p><span><img src=\"https://www.descanso.sc.leg.br/institucional/fotos/file52.jpeg/@@images/11a507e2-3e7d-4305-9992-3c689ea2bbfb.jpeg\" alt=\"\" class=\"image-inline\" title=\"\" /></span></p>\r\n<p><img src=\"https://www.descanso.sc.leg.br/institucional/fotos/copy_of_file62.jpeg/@@images/aa3a87d1-74de-404d-8939-e94088de8157.jpeg\" alt=\"\" class=\"image-inline\" title=\"\" /><img src=\"https://www.descanso.sc.leg.br/institucional/fotos/file18.jpeg/@@images/74cb23e8-24fa-4cd5-9693-311e11c0e41e.jpeg\" alt=\"\" class=\"image-inline\" title=\"\" /><img src=\"https://www.descanso.sc.leg.br/institucional/fotos/file72.jpeg/@@images/a5bb6512-9778-4e8e-9187-b844b147c8da.jpeg\" alt=\"\" class=\"image-inline\" title=\"\" /><img src=\"https://www.descanso.sc.leg.br/institucional/fotos/file82.jpeg/@@images/15cc4e48-7a72-4273-91f9-d880030dbd18.jpeg\" alt=\"\" class=\"image-inline\" title=\"\" /><img src=\"https://www.descanso.sc.leg.br/institucional/fotos/file102.jpeg/@@images/d1e939e2-70a1-4747-9bf6-15fde6575e25.jpeg\" alt=\"\" class=\"image-inline\" title=\"\" /></p>\r\n<p>\u00a0</p>\r\n<p><span><img src=\"https://www.descanso.sc.leg.br/institucional/fotos/copy_of_file11.jpeg/@@images/0318b603-8254-4242-a987-28f57bf79fd4.jpeg\" alt=\"\" class=\"image-inline\" title=\"\" /></span></p>\r\n<p>\u00a0</p>", "author_name": "", "version": "1.0", "author_url": "https://www.descanso.sc.leg.br/author/deo", "provider_name": "C\u00e2mara Municipal de Vereadores", "type": "rich"}