{"provider_url": "https://www.descanso.sc.leg.br", "title": "9\u00aa SESS\u00c3O ORDIN\u00c1RIA DE 2019", "html": "<p>A 9\u00aa Sess\u00e3o Ordin\u00e1ria de 2019 realizou-se na noite de quinta-feira, 21/03, tendo no Pequeno Expediente 03 Indica\u00e7\u00e3o e 01 Mo\u00e7\u00e3o. Na Ordem do Dia foi discutido e votado em terceira delibera\u00e7\u00e3o a Proposta de Emenda Modificativa n\u00ba 01/2019 ao Projeto de Lei n\u00ba 03/2019 e o Projeto de Lei n\u00ba 03/2019, e em segunda delibera\u00e7\u00e3o a Proposta de Emenda Modificativa n\u00ba 01/2019 ao Projeto de Lei n\u00ba 06/2019, a Proposta de Emenda Modificativa n\u00ba 02/2019 ao Projeto de Lei n\u00ba 06/2019, a Proposta de Emenda Modificativa n\u00ba 03/2019 ao Projeto de Lei n\u00ba 06/2019 e o Projeto de Lei n\u00ba 06/2019 com Proposta de Emenda Modificativa n\u00ba 02/2019 e 03/2019.</p>\r\n<p>\u00a0</p>\r\n<p><b>PEQUENO EXPEDIENTE</b></p>\r\n<p><b>\u00a0</b></p>\r\n<p><b><span>Indica\u00e7\u00e3o n\u00ba 25/2019</span></b></p>\r\n<p>De autoria dos Vereadores M\u00e1rcio Maximino Bortoloto, Marcos Baldo e Jhoni Zort\u00e9a solicitando ao Executivo que envie \u00e0 esta Casa Legislativa Projeto de Lei alterando o art. 04, da Lei Municipal 1.669/2018, origin\u00e1ria da aprova\u00e7\u00e3o do projeto de Lei 89/2018, para excluir a restri\u00e7\u00e3o de alunos ao transporte p\u00fablico em raz\u00e3o de residirem \u00e0 menos de 1.000m da escola, fazendo constar que todos tenham o mesmo direito, independentemente de metragem, ou, no m\u00e1ximo, \u00e0 500m, o que se coaduna com as regras de acessibilidade.</p>\r\n<p><b>\u00a0</b></p>\r\n<p><b><span>Indica\u00e7\u00e3o n\u00ba 26/2019</span></b></p>\r\n<p>De autoria do Vereador M\u00e1rcio Maximino Bortoloto solicitando ao Executivo<b> </b>para que solicite junto ao setor de engenharia e urbanismo, realiza\u00e7\u00e3o de estudo t\u00e9cnico apontando a viabilidade de altera\u00e7\u00e3o legal sobre a taxa de ocupa\u00e7\u00e3o e constru\u00e7\u00e3o de terrenos, aumentando-a o m\u00e1ximo poss\u00edvel.</p>\r\n<p><b>\u00a0</b></p>\r\n<p><b><span>Indica\u00e7\u00e3o n\u00ba 27/2019</span></b></p>\r\n<p>De autoria do Vereador Marcos Baldo solicitando ao Executivo melhorias na cabeceira da ponte que liga a Comunidade de L\u00aa Pratinha e a Comunidade de L\u00aa Cachoeirinha, pr\u00f3ximo \u00e0 propriedade Maria Janete de Faveri e Sandro Zappani.</p>\r\n<p><b>\u00a0</b></p>\r\n<p><b><span>Mo\u00e7\u00e3o n\u00ba 09/2019</span></b></p>\r\n<p>De autoria do Vereador Edenilson Slaviero suplicando ao Excelent\u00edssimo Senhor Carlos Mois\u00e9s Da Silva, Governador do Estado de Santa Catarina, Senhor Cleicio Poleto Martins, Diretor Presidente da Centrais El\u00e9tricas de Santa Catarina Celesc, Excelent\u00edssimo Sr. Deputado J\u00falio Garcia, Presidente da Assembleia Legislativa de Santa Catarina, com c\u00f3pia para todos os Deputados Estaduais, Federais e Senadores de Santa Catarina, nos seguintes termos: <b>PARA QUE SEJA REVISTA A PROPOSTA DE REESTRUTURA\u00c7\u00c3O QUE PREV\u00ca A MACRO REGIONALIZA\u00c7\u00c3O DA CELESC, MANTENDO A AG\u00caNCIA DA CELESC DE S\u00c3O MIGUEL DO OESTE SEM SUBORDIN\u00c1-LA A AG\u00caNCIA DE CHAPEC\u00d3.</b></p>\r\n<p><b><span>\u00a0</span></b></p>\r\n<p><b>ORDEM DO DIA</b></p>\r\n<p><b>\u00a0</b></p>\r\n<p align=\"center\"><b><span>Terceira Discuss\u00e3o e Vota\u00e7\u00e3o</span></b></p>\r\n<p>\u00a0</p>\r\n<p><b><span>Proposta de Emenda Modificativa n\u00ba 01/2019 ao Projeto de Lei n\u00ba 03/2019</span></b></p>\r\n<p>De autoria do Vereador Denilso Francisco Vicentin, que \u201cALTERA A REDA\u00c7\u00c3O DO PAR\u00c1GRAFO S\u00c9TIMO, DO ART. 156, DO PROJETO DE LEI N\u00ba 03/2019\u201d, QUE \u201cDISP\u00d5E SOBRE O ESTATUTO DO SERVIDOR P\u00daBLICO DO MUNIC\u00cdPIO DE DESCANSO E D\u00c1 OUTRAS PROVID\u00caNCIAS\u201d. Rejeitada por maioria dos votos.</p>\r\n<p>\u00a0</p>\r\n<p><b><span>Projeto de Lei n\u00ba 03/2019 </span></b></p>\r\n<p><b><span>\u00a0</span></b></p>\r\n<p>Aprovado por unanimidade de votos em sua <b>terceira </b>discuss\u00e3o e vota\u00e7\u00e3o o Projeto de Lei n\u00ba 03/2019 em sua reda\u00e7\u00e3o original, que \u201c<b>ALTERA O ARTIGO 156, DA LEI N\u00ba 086/91, que DISP\u00d5E SOBRE O ESTATUTO DO SERVIDOR P\u00daBLICO DO MUNIC\u00cdPIO DE DESCANSO E D\u00c1 OUTRAS PROVID\u00caNCIAS\u201d. </b></p>\r\n<p>\u00a0</p>\r\n<p align=\"center\"><b><span>Segunda Discuss\u00e3o e Vota\u00e7\u00e3o</span></b></p>\r\n<p align=\"center\"><b><span>\u00a0</span></b></p>\r\n<p><b><span>Proposta de Emenda Modificativa n\u00ba 01/2019 ao Projeto de Lei n\u00ba 06/2019</span></b></p>\r\n<p>De autoria dos Vereadores Denilso Francisco Vicentin e Juliano Junior Kasper, que ALTERA A REDA\u00c7\u00c3O DO ART. 1\u00ba, DO PROJETO DE LEI N\u00ba 06/2019, QUE \u201c<b>AUTORIZA ALIENAR BENS IM\u00d3VEIS DE PROPRIEDADE DO MUNIC\u00cdPIO DE DESCANSO E D\u00c1 OUTRAS PROVID\u00caNCIAS\u201d. </b>Rejeitada por maioria de votos.<b><span></span></b></p>\r\n<p>\u00a0</p>\r\n<p><b><span>Proposta de Emenda Modificativa n\u00ba 02/2019 ao Projeto de Lei n\u00ba 06/2019</span></b></p>\r\n<p>De autoria do Vereador Vlademir Oro, que ALTERA A REDA\u00c7\u00c3O DO ART. 1\u00ba, DO PROJETO DE LEI N\u00ba 06/2019, QUE \u201c<b>AUTORIZA ALIENAR BENS IM\u00d3VEIS DE PROPRIEDADE DO MUNIC\u00cdPIO DE DESCANSO E D\u00c1 OUTRAS PROVID\u00caNCIAS\u201d. </b>Aprovada por unanimidade de votos.</p>\r\n<p><b><span>\u00a0</span></b></p>\r\n<p><b><span>Proposta de Emenda Modificativa n\u00ba 03/2019 ao Projeto de Lei n\u00ba 06/2019</span></b></p>\r\n<p>De autoria do Vereador Jhoni Zort\u00e9a, que ALTERA A REDA\u00c7\u00c3O DO ART. 5\u00ba, PAR\u00c1GRAFO PRIMEIRO, DO PROJETO DE LEI N\u00ba 06/2019, QUE \u201c<b>AUTORIZA ALIENAR BENS IM\u00d3VEIS DE PROPRIEDADE DO MUNIC\u00cdPIO DE DESCANSO E D\u00c1 OUTRAS PROVID\u00caNCIAS\u201d. </b>Aprovada por unanimidade de votos.</p>\r\n<p><b><span>\u00a0</span></b></p>\r\n<p><b><span>Projeto de Lei n\u00ba 06/2019 com Proposta de Emenda Modificativa n\u00ba 02/2019 e n\u00ba 03/2019</span></b>, que \u201c<b>AUTORIZA ALIENAR BENS IM\u00d3VEIS DE PROPRIEDADE DO MUNIC\u00cdPIO DE DESCANSO E D\u00c1 OUTRAS PROVID\u00caNCIAS\u201d. </b>Aprovado por unanimidade de votos.<span></span></p>\r\n<p><b>\u00a0<img src=\"https://www.descanso.sc.leg.br/institucional/fotos/9SESSOoRDINRIADE20193.jpeg/@@images/cf78b333-d989-4d15-9b7e-b9473ed738d7.jpeg\" alt=\"\" class=\"image-inline\" title=\"\" /></b><img src=\"https://www.descanso.sc.leg.br/institucional/fotos/9SESSOORDINRIADE20194.jpeg/@@images/d68c5384-4571-435b-b03f-151452aed46c.jpeg\" alt=\"\" class=\"image-inline\" title=\"\" /><b></b></p>\r\n<p>\u00a0<img src=\"https://www.descanso.sc.leg.br/institucional/fotos/9SESSOoRDINRIADE20192.jpeg/@@images/46eda792-b8e3-48fa-b8e4-e306057fd691.jpeg\" alt=\"\" class=\"image-inline\" title=\"\" /></p>", "author_name": "", "version": "1.0", "author_url": "https://www.descanso.sc.leg.br/author/deo", "provider_name": "C\u00e2mara Municipal de Vereadores", "type": "rich"}