{"provider_url": "https://www.descanso.sc.leg.br", "title": "8\u00aa SESS\u00c3O ORDIN\u00c1RIA DE 2019", "html": "<p>A 8\u00aa Sess\u00e3o Ordin\u00e1ria de 2019 aconteceu na noite de ter\u00e7a-feira 19/03, tendo no Pequeno Expediente 01 Requerimento, 02 Indica\u00e7\u00e3o e 01 Requerimento de Informa\u00e7\u00e3o. Na Ordem do Dia foi discutido e votado em segunda delibera\u00e7\u00e3o o Projeto de Lei n\u00ba 05/2019, a Proposta de Emenda Modificativa n\u00ba 01/2019 ao Projeto de Lei n\u00ba 03/2019 e o Projeto de Lei n\u00ba 03/2019, e em primeira delibera\u00e7\u00e3o a Proposta de Emenda Modificativa n\u00ba 01/2019 ao Projeto de Lei n\u00ba 06/2019, a Proposta de Emenda Modificativa n\u00ba 02/2019 ao Projeto de Lei n\u00ba 06/2019, a Proposta de Emenda Modificativa n\u00ba 03/2019 ao Projeto de Lei n\u00ba 06/2019 e o Projeto de Lei n\u00ba 06/2019 com Proposta de Emenda Modificativa n\u00ba 02/2019 e 03/2019.<b><span></span></b></p>\r\n<p><b><span>\u00a0</span></b></p>\r\n<p><b><span>PEQUENO EXPEDIENTE</span></b></p>\r\n<p><b><span>\u00a0</span></b></p>\r\n<p><b><span>Requerimento </span></b></p>\r\n<p>De autoria do Vereador Jhoni Zort\u00e9a, solicitando a retirada da Proposta de Emenda Aditiva n\u00ba 01/2019 ao Projeto de Lei n\u00ba 03/2019 de sua autoria. Aprovada por unanimidade de votos.</p>\r\n<p>\u00a0</p>\r\n<p><b><span>Proposta de Emenda Modificativa n\u00ba 01/2019 ao Projeto de Lei n\u00ba 06/2019</span></b></p>\r\n<p>De autoria dos Vereadores Denilso Francisco Vicentin e Juliano Junior Kasper, que ALTERA A REDA\u00c7\u00c3O DO ART. 1\u00ba, DO PROJETO DE LEI N\u00ba 06/2019, QUE \u201c<b>AUTORIZA ALIENAR BENS IM\u00d3VEIS DE PROPRIEDADE DO MUNIC\u00cdPIO DE DESCANSO E D\u00c1 OUTRAS PROVID\u00caNCIAS\u201d. </b>Encaminha \u00e1 Ordem do Dia.<b><span></span></b></p>\r\n<p>\u00a0</p>\r\n<p><b><span>Proposta de Emenda Modificativa n\u00ba 02/2019 ao Projeto de Lei n\u00ba 06/2019</span></b></p>\r\n<p>De autoria do Vereador Vlademir Oro, que ALTERA A REDA\u00c7\u00c3O DO ART. 1\u00ba, DO PROJETO DE LEI N\u00ba 06/2019, QUE \u201c<b>AUTORIZA ALIENAR BENS IM\u00d3VEIS DE PROPRIEDADE DO MUNIC\u00cdPIO DE DESCANSO E D\u00c1 OUTRAS PROVID\u00caNCIAS\u201d</b>. Encaminhada na Ordem do Dia.<b><span></span></b></p>\r\n<p>\u00a0</p>\r\n<p><b><span>\u00a0</span></b></p>\r\n<p><b><span>Proposta de Emenda Modificativa n\u00ba 03/2019 ao Projeto de Lei n\u00ba 06/2019</span></b></p>\r\n<p>De autoria do Vereador Jhoni Zort\u00e9a, que ALTERA A REDA\u00c7\u00c3O DO ART. 5\u00ba, PAR\u00c1GRAFO PRIMEIRO, DO PROJETO DE LEI N\u00ba 06/2019, QUE \u201c<b>AUTORIZA ALIENAR BENS IM\u00d3VEIS DE PROPRIEDADE DO MUNIC\u00cdPIO DE DESCANSO E D\u00c1 OUTRAS PROVID\u00caNCIAS\u201d. </b>Encaminhada na Ordem do Dia.<b><span></span></b></p>\r\n<p>\u00a0</p>\r\n<p><b><span>Indica\u00e7\u00e3o n\u00ba 23/2019</span></b></p>\r\n<p>De autoria do Vereador Marcos Baldo solicitando ao Executivo patrolamento, cascalhamento e compacta\u00e7\u00e3o da estrada geral de acesso a L\u00aa Alegre, no trecho que liga as propriedades de Claudir Cozer, Maria Provensi, Nereo Macena, Jorge Macena e Ivo Pomatti at\u00e9 a Comunidade de L\u00aa Alegre, do mesmo modo, sugere-se a constru\u00e7\u00e3o de um bueiro em frente \u00e0 propriedade de Claudir Cozer.</p>\r\n<p>\u00a0</p>\r\n<p><b><span>Indica\u00e7\u00e3o n\u00ba 24/2019</span></b></p>\r\n<p>De autoria do Vereador M\u00e1rcio Maximino Bortoloto solicitando ao Executivo servi\u00e7o de limpeza (desobstru\u00e7\u00e3o) e manuten\u00e7\u00e3o do bueiro existente nas proximidades da propriedade de Ivete Thom\u00e9, Rua Coluna Prestes sentido Bairro Ant\u00f4nio Reck.</p>\r\n<p>\u00a0</p>\r\n<p><b><span>Requerimento de Informa\u00e7\u00e3o n\u00ba 04/2019</span></b></p>\r\n<p>De autoria do Vereador Denilso Francisco Vicentin solicitando ao Executivo as seguintes informa\u00e7\u00f5es:</p>\r\n<p>Quais os procedimentos est\u00e3o sendo tomados para que as melhorias necess\u00e1rias de manuten\u00e7\u00e3o e conserva\u00e7\u00e3o da estrada geral de L\u00aa S\u00e3o Paulo, Distrito de Itajub\u00e1?</p>\r\n<p><b><span>\u00a0</span></b></p>\r\n<p><b><span>ORDEM DO DIA</span></b></p>\r\n<p><b><span>\u00a0</span></b></p>\r\n<p align=\"center\"><b><span>Segunda Discuss\u00e3o e Vota\u00e7\u00e3o</span></b></p>\r\n<p align=\"center\"><b><span>\u00a0</span></b></p>\r\n<p><b><span>Projeto de Lei n\u00ba 05/2019</span></b></p>\r\n<p>Aprovado por unanimidade de votos em sua <b>segunda </b>discuss\u00e3o e vota\u00e7\u00e3o o Projeto de Lei n\u00ba 05/2019, que <b>ATRIBUI NOME A RUAS DO MUNIC\u00cdPIO E D\u00c1 OUTRAS PROVID\u00caNCIAS</b>, fica estabelecida nova denomina\u00e7\u00e3o das seguintes ruas do Loteamento Horizonte: I. Rua Projetada \u201cA\u201d \u2013 Eloy Edvino Piaseski; II. Rua Projetada \u201cB\u201d \u2013 Roberto Carlos Wronski, as denomina\u00e7\u00f5es referem-se a pessoas que prestaram relevantes contribui\u00e7\u00f5es para o desenvolvimento da comunidade local, integrantes de fam\u00edlias tradicionais do Munic\u00edpio de Descanso, aproveitando-se o momento para justa homenagem.<b><span></span></b></p>\r\n<p>\u00a0</p>\r\n<p><b><span>Proposta de Emenda Modificativa n\u00ba 01/2019 ao Projeto de Lei n\u00ba 03/2019</span></b></p>\r\n<p>De autoria do Vereador Denilso Francisco Vicentin, que \u201cALTERA A REDA\u00c7\u00c3O DO PAR\u00c1GRAFO S\u00c9TIMO, DO ART. 156, DO PROJETO DE LEI N\u00ba 03/2019\u201d, QUE \u201cDISP\u00d5E SOBRE O ESTATUTO DO SERVIDOR P\u00daBLICO DO MUNIC\u00cdPIO DE DESCANSO E D\u00c1 OUTRAS PROVID\u00caNCIAS\u201d. Rejeitada por maioria dos votos.</p>\r\n<p>\u00a0</p>\r\n<p><b><span>Projeto de Lei n\u00ba 03/2019 </span></b></p>\r\n<p><b><span>\u00a0</span></b></p>\r\n<p>Aprovado por unanimidade de votos em sua <b>segunda </b>discuss\u00e3o e vota\u00e7\u00e3o o Projeto de Lei n\u00ba 03/2019 em sua reda\u00e7\u00e3o original, que \u201c<b>ALTERA O ARTIGO 156, DA LEI N\u00ba 086/91, que DISP\u00d5E SOBRE O ESTATUTO DO SERVIDOR P\u00daBLICO DO MUNIC\u00cdPIO DE DESCANSO E D\u00c1 OUTRAS PROVID\u00caNCIAS\u201d. </b></p>\r\n<p>\u00a0</p>\r\n<p align=\"center\"><b><span>Primeira Discuss\u00e3o e Vota\u00e7\u00e3o</span></b></p>\r\n<p align=\"center\"><b><span>\u00a0</span></b></p>\r\n<p><b><span>Proposta de Emenda Modificativa n\u00ba 01/2019 ao Projeto de Lei n\u00ba 06/2019</span></b></p>\r\n<p>De autoria dos Vereadores Denilso Francisco Vicentin e Juliano Junior Kasper, que ALTERA A REDA\u00c7\u00c3O DO ART. 1\u00ba, DO PROJETO DE LEI N\u00ba 06/2019, QUE \u201c<b>AUTORIZA ALIENAR BENS IM\u00d3VEIS DE PROPRIEDADE DO MUNIC\u00cdPIO DE DESCANSO E D\u00c1 OUTRAS PROVID\u00caNCIAS\u201d. </b>Rejeitada por maioria de votos.<b><span></span></b></p>\r\n<p>\u00a0</p>\r\n<p><b><span>Proposta de Emenda Modificativa n\u00ba 02/2019 ao Projeto de Lei n\u00ba 06/2019</span></b></p>\r\n<p>De autoria do Vereador Vlademir Oro, que ALTERA A REDA\u00c7\u00c3O DO ART. 1\u00ba, DO PROJETO DE LEI N\u00ba 06/2019, QUE \u201c<b>AUTORIZA ALIENAR BENS IM\u00d3VEIS DE PROPRIEDADE DO MUNIC\u00cdPIO DE DESCANSO E D\u00c1 OUTRAS PROVID\u00caNCIAS\u201d. </b>Aprovada por unanimidade de votos.</p>\r\n<p><b><span>\u00a0</span></b></p>\r\n<p><b><span>Proposta de Emenda Modificativa n\u00ba 03/2019 ao Projeto de Lei n\u00ba 06/2019</span></b></p>\r\n<p>De autoria do Vereador Jhoni Zort\u00e9a, que ALTERA A REDA\u00c7\u00c3O DO ART. 5\u00ba, PAR\u00c1GRAFO PRIMEIRO, DO PROJETO DE LEI N\u00ba 06/2019, QUE \u201c<b>AUTORIZA ALIENAR BENS IM\u00d3VEIS DE PROPRIEDADE DO MUNIC\u00cdPIO DE DESCANSO E D\u00c1 OUTRAS PROVID\u00caNCIAS\u201d. </b>Aprovada por unanimidade de votos.</p>\r\n<p><b><span>\u00a0</span></b></p>\r\n<p><b><span>Projeto de Lei n\u00ba 06/2019 com Proposta de Emenda Modificativa n\u00ba 02/2019 e n\u00ba 03/2019</span></b>, que \u201c<b>AUTORIZA ALIENAR BENS IM\u00d3VEIS DE PROPRIEDADE DO MUNIC\u00cdPIO DE DESCANSO E D\u00c1 OUTRAS PROVID\u00caNCIAS\u201d. </b>Aprovado por unanimidade de votos.<span></span></p>\r\n<p><span>.</span><img src=\"https://www.descanso.sc.leg.br/institucional/fotos/8SESSOORDINRIA3.jpeg/@@images/0c4263cc-10ed-48df-954f-74cfcf7c2dfe.jpeg\" alt=\"\" class=\"image-inline\" title=\"\" /><img src=\"https://www.descanso.sc.leg.br/institucional/fotos/copy_of_8SESSOORDINRIA2.jpeg/@@images/cd13dcf0-90c7-400e-8384-334809b867b8.jpeg\" alt=\"\" class=\"image-inline\" title=\"\" /></p>\r\n<p><img src=\"https://www.descanso.sc.leg.br/institucional/fotos/8SESSOORDINRIA1.jpeg/@@images/59a8479f-bee7-44d8-b56b-c534d38f968d.jpeg\" alt=\"\" class=\"image-inline\" title=\"\" /><img src=\"https://www.descanso.sc.leg.br/institucional/fotos/8SESSOORDINRIA4.jpeg/@@images/57b9bd77-75cf-4990-b606-7019a4d8a9c5.jpeg\" alt=\"\" class=\"image-inline\" title=\"\" /><img src=\"https://www.descanso.sc.leg.br/institucional/fotos/8SESSOORDINRIA5.jpeg/@@images/d2d36fd4-baba-45ed-b374-20d37db7dffe.jpeg\" alt=\"\" class=\"image-inline\" title=\"\" /></p>", "author_name": "", "version": "1.0", "author_url": "https://www.descanso.sc.leg.br/author/deo", "provider_name": "C\u00e2mara Municipal de Vereadores", "type": "rich"}