{"provider_url": "https://www.descanso.sc.leg.br", "title": "5\u00aa SESS\u00c3O ORDIN\u00c1RIA DE 2018", "html": "<p align=\"center\"><b>C\u00c2MARA MUNICIPAL DE DESCANSO</b></p>\r\n<p align=\"center\"><b>\u00a0</b></p>\r\n<p align=\"center\"><b>5\u00aa SESS\u00c3O ORDIN\u00c1RIA</b></p>\r\n<p align=\"center\"><b>\u00a0</b></p>\r\n<p align=\"center\"><b>27/02/2018 TER\u00c7A-FEIRA</b></p>\r\n<p align=\"center\"><b>\u00a0</b></p>\r\n<p align=\"center\"><b>\u00a0</b></p>\r\n<p align=\"center\"><b>PEQUENO EXPEDIENTE</b></p>\r\n<p align=\"center\"><b>\u00a0</b></p>\r\n<p align=\"center\"><b>Of\u00edcio n\u00ba080/2018: Autoria Poder Executivo</b></p>\r\n<p align=\"center\">O Prefeito Municipal, solicitou a retirada do <b>Projeto de Lei n\u00ba 17/2018</b> e encaminhou o <b>Projeto de Lei n\u00ba 21/2018</b>, substitutivo, que completa o objetivo anterior, que \u201cRevoga a Lei Municipal 1575/2017 e d\u00e1 outras provid\u00eancias.\u201d, com a concord\u00e2ncia de todos os vereadores, o <b>Projeto de Lei n\u00ba 21/2018</b> foi submetido na Ordem do Dia.</p>\r\n<p><b>\u00a0</b></p>\r\n<p align=\"center\">O <b>Vereador Edenilson Slaviero</b>, solicitou licen\u00e7a pelo per\u00edodo de 30 dias a partir de 01 de mar\u00e7o de 2018, sendo aprovada por unanimidade de votos.</p>\r\n<p align=\"center\">\u00a0</p>\r\n<p align=\"center\"><b>Autoria: Vlademir Oro</b></p>\r\n<p align=\"center\"><b>Indica\u00e7\u00e3o n\u00ba 24/2018: </b>Solicitando melhorias na estrada e acessos, L\u00aa Sanga Curta.</p>\r\n<p align=\"center\"><b>Indica\u00e7\u00e3o n\u00ba 25/2018: </b>Solicitando a retomada do programa de distribui\u00e7\u00e3o gratuita de calc\u00e1rio aos Produtores Rurais de Descanso.</p>\r\n<p align=\"center\"><b>\u00a0</b></p>\r\n<p align=\"center\"><b>Autoria: Ilda Maria Agustini Trevisan</b></p>\r\n<p align=\"center\"><b>Indica\u00e7\u00e3o n\u00ba 26/2018: </b>Solicitando melhoramento na ponte que d\u00e1 acesso \u00e0 propriedade de Zelavir Concatto.</p>\r\n<p align=\"center\"><b>\u00a0</b></p>\r\n<p align=\"center\"><b>Autoria: Marcos Baldo</b></p>\r\n<p align=\"center\"><b>Indica\u00e7\u00e3o n\u00ba 27/2018: </b>Solicitando a coloca\u00e7\u00e3o de placas de sinaliza\u00e7\u00e3o de rua preferencial no cruzamento da Rua da Rep\u00fablica com a Rua Jo\u00e3o Agustini.</p>\r\n<p align=\"center\"><b>\u00a0</b></p>\r\n<p align=\"center\"><b>Autoria: Juliano Junior Kasper</b></p>\r\n<p align=\"center\"><b>Indica\u00e7\u00e3o n\u00ba 28/2018: </b>Solicitando melhoramento na estrada geral, onde se localiza a antiga Sede Campeira, L\u00aa Campinas.</p>\r\n<p align=\"center\">\u00a0</p>\r\n<p align=\"center\"><b>Autoria: Jhoni Zort\u00e9a</b></p>\r\n<p align=\"center\"><b>Mo\u00e7\u00e3o de Apelo n\u00ba 06/2018: </b>Com a subscri\u00e7\u00e3o de todos os vereadores, Apelamos ao Excelent\u00edssimo Prefeito Municipal, para que seja estudada a viabilidade da constru\u00e7\u00e3o de vesti\u00e1rios no Est\u00e1dio Municipal Jo\u00e3o Barreta em Descanso.</p>\r\n<p align=\"center\">\u00a0</p>\r\n<p align=\"center\"><b>ORDEM DO DIA</b></p>\r\n<p align=\"center\"><b>\u00a0</b></p>\r\n<p align=\"center\">Segunda Discuss\u00e3o e Vota\u00e7\u00e3o</p>\r\n<p align=\"center\">Projeto de Lei n\u00ba 19/2018</p>\r\n<p align=\"center\">Projeto de Lei n\u00ba 20/2018</p>\r\n<p align=\"center\">\u00a0</p>\r\n<p align=\"center\">Primeira Discuss\u00e3o e Vota\u00e7\u00e3o</p>\r\n<p align=\"center\">Projeto de Lei n\u00ba 11/2018</p>\r\n<p align=\"center\">Projeto de Lei n\u00ba 12/2018</p>\r\n<p align=\"center\">Projeto de Lei n\u00ba 13/2018</p>\r\n<p align=\"center\">Projeto de Lei n\u00ba 14/2018</p>\r\n<p align=\"center\">Projeto de Lei n\u00ba 21/2018</p>\r\n<p align=\"center\">\u00a0</p>\r\n<p align=\"center\">\u00a0</p>\r\n<p align=\"center\">\u00a0</p>\r\n<p align=\"center\">\u00a0</p>\r\n<p align=\"center\"><b>\u00a0</b></p>", "author_name": "", "version": "1.0", "author_url": "https://www.descanso.sc.leg.br/author/deo", "provider_name": "C\u00e2mara Municipal de Vereadores", "type": "rich"}