{"provider_url": "https://www.descanso.sc.leg.br", "title": "50\u00aa SESS\u00c3O ORDIN\u00c1RIA ", "html": "<p align=\"center\"><b>C\u00c2MARA MUNICIPAL DE DESCANSO</b></p>\r\n<p align=\"center\"><b>\u00a0</b></p>\r\n<p align=\"center\"><b>50\u00aa SESS\u00c3O ORDIN\u00c1RIA</b></p>\r\n<p align=\"center\"><b>\u00a0</b></p>\r\n<p align=\"center\"><b>12/12/2018 QUARTA-FEIRA</b></p>\r\n<p align=\"center\"><b>\u00a0</b></p>\r\n<p align=\"center\"><b>\u00a0</b></p>\r\n<p align=\"center\"><b>PEQUENO EXPEDIENTE</b></p>\r\n<p align=\"center\">\u00a0</p>\r\n<p align=\"center\"><b>Autor: Poder Executivo</b></p>\r\n<p align=\"center\"><b>Of\u00edcio n\u00ba 622/2018</b><b>: </b>O Prefeito Municipal encaminhou para aprecia\u00e7\u00e3o dessa Casa Legislativa o seguinte Projeto de Lei</p>\r\n<p align=\"center\">\u00a0</p>\r\n<p align=\"center\"><b><i><span>Projeto de Lei n\u00ba 104/2018</span></i></b></p>\r\n<p align=\"center\">\u201cINSTITUI CONTRIBUI\u00c7\u00c3O DE MELHORIA E D\u00c1 OUTRAS PROVID\u00caNCIAS\u201d.</p>\r\n<p align=\"center\">\u00a0</p>\r\n<p align=\"center\"><b><span>O Projeto de Lei n\u00ba 104/2018 foi encaminhado \u00e0 ORDEM DO DIA.</span></b><span></span></p>\r\n<p align=\"center\">\u00a0</p>\r\n<p align=\"center\"><b>Autor: Poder Legislativo</b></p>\r\n<p align=\"center\"><b><i><span>Projeto de Decreto Legislativo n\u00ba 04/2018</span></i></b></p>\r\n<p align=\"center\">\u201cPRESTA\u00c7\u00c3O DE CONTAS DO PREFEITO REFERENTE AO EXERC\u00cdCIO DE 2017 DA PREFEITURA MUNICIPAL DE DESCANSO\u201d.</p>\r\n<p align=\"center\">\u00a0</p>\r\n<p align=\"center\"><b><span>O Projeto de Decreto Legislativo n\u00ba 04/2018 foi encaminhado \u00e0 ORDEM DO DIA.</span></b><span></span></p>\r\n<p align=\"center\">\u00a0</p>\r\n<p align=\"center\"><b>Autor: M\u00c1RCIO MAXIMINO BORTOLOTO</b></p>\r\n<p align=\"center\"><b>Mo\u00e7\u00e3o n\u00ba 39/2018:</b> Parabenizando todos participantes e organizadores do 28\u00ba Campeonato Municipal de Futebol de Campo 2018.</p>\r\n<p align=\"center\">\u00a0</p>\r\n<p align=\"center\"><b>PARLAMENTO JOVEM</b></p>\r\n<p align=\"center\"><b>GRUPO 1</b></p>\r\n<p align=\"center\"><b>\u00a0</b></p>\r\n<p align=\"center\"><b>Vereadora (autora) RAYANE RAFAELA PADILHA</b><b></b></p>\r\n<p align=\"center\"><b>Indica\u00e7\u00e3o n\u00ba 22/2018: </b>Solicitando ao Prefeito Municipal a conclus\u00e3o do cal\u00e7amento com pedras irregulares nas ruas de acesso ao Loteamento Jos\u00e9 Giron e antiga Pizzaria Grassioli.</p>\r\n<p align=\"center\">\u00a0</p>\r\n<p align=\"center\"><b>Vereador (autor) JO\u00c3O VITOR DALA POSSA</b></p>\r\n<p align=\"center\"><b>Indica\u00e7\u00e3o n\u00ba 23/2018:</b> Solicitando ao Prefeito Municipal as possibilidades e a viabilidade da constru\u00e7\u00e3o de um museu/espa\u00e7o para expor a hist\u00f3ria do munic\u00edpio de Descanso.</p>\r\n<p align=\"center\"><b>Indica\u00e7\u00e3o n\u00ba 24/2018: </b>Solicitando ao Prefeito Municipal a constru\u00e7\u00e3o de uma lombada f\u00edsica na Av. Ladislava Poleto.<b></b></p>\r\n<p align=\"center\"><b>\u00a0</b></p>\r\n<p align=\"center\"><b>Vereadora (autora) TAINARA SIGNOR</b><b></b></p>\r\n<p align=\"center\"><b>Indica\u00e7\u00e3o n\u00ba 25/2018: </b>Solicitando ao Prefeito Municipal a revitaliza\u00e7\u00e3o do campo em anexo a Escola B\u00e1sica Municipal Cachoeirinha.</p>\r\n<p align=\"center\">\u00a0</p>\r\n<p align=\"center\"><b>Vereadores (autores) Amanda Batistel; Thiago Sturmer e Let\u00edcia Ghizzi Forchesatto</b></p>\r\n<p align=\"center\"><b>Indica\u00e7\u00e3o n\u00ba 26/2018: </b>Solicitando ao Prefeito Municipal a viabilidade de ampliar a tela, em m\u00e9dia 3 metros de altura, ao redor da quadra de areia do Centro de Educa\u00e7\u00e3o de Ensino Fundamental Paulo Henrique Pissaia.</p>\r\n<p align=\"center\">\u00a0</p>\r\n<p align=\"center\"><b>Vereadora (autora) Isadora Stasiak Carnetti</b><b></b></p>\r\n<p align=\"center\"><b>Mo\u00e7\u00e3o n\u00ba 01/2018: </b>Parabenizando ao <b><i><span>Grupo Jeep Club Gaiolamas Descanso</span></i></b>, em reconhecimento a sua 7\u00aa Trilha Gaiolamas Descanso.</p>\r\n<p align=\"center\">\u00a0</p>\r\n<p align=\"center\"><b>GRUPO 2</b></p>\r\n<p align=\"center\"><b>\u00a0</b></p>\r\n<p align=\"center\"><b>Vereadora (autora) J\u00falia Previde Giombelli</b><b></b></p>\r\n<p align=\"center\"><b>Indica\u00e7\u00e3o n\u00ba 09/2018: </b>Solicitando ao Prefeito Municipal empenho na implanta\u00e7\u00e3o do projeto de saneamento b\u00e1sico e de um programa de ajuda para que as fam\u00edlias possam regularizar as fossas.</p>\r\n<p align=\"center\"><b>Mo\u00e7\u00e3o n\u00ba 04/2018: </b>Parabenizando<b> </b>ao <i><span>Vereador Vlademir Oro</span></i> pela iniciativa e execu\u00e7\u00e3o do \u00a0\u00a0\u00a0\u00a0\u00a0\u00a0\u00a0 Projeto Parlamento Jovem que ora se encerra e ao <i><span>Vereador M\u00e1rcio Maximino Bortoloto e demais vereadores</span></i> por darem sequ\u00eancia ao mesmo.</p>\r\n<p align=\"center\"><b>Mo\u00e7\u00e3o n\u00ba 05/2018: </b>Parabenizando ao <i><span>Col\u00e9gio UNICAMPO</span></i>, ao qual represento, pela realiza\u00e7\u00e3o da III Mostra do Livro.</p>\r\n<p align=\"center\">\u00a0</p>\r\n<p align=\"center\"><b>\u00a0</b></p>\r\n<p align=\"center\"><b>ORDEM DO DIA</b></p>\r\n<p align=\"center\"><b>\u00a0</b></p>\r\n<p align=\"center\"><b>Segunda Discuss\u00e3o e Vota\u00e7\u00e3o</b><b></b></p>\r\n<p align=\"center\">Projeto de Lei n\u00ba 93/2018</p>\r\n<p align=\"center\">Projeto de Lei n\u00ba 99/2018</p>\r\n<p align=\"center\">Projeto de Lei n\u00ba 100/2018</p>\r\n<p align=\"center\">Projeto de Lei n\u00ba 101/2018</p>\r\n<p align=\"center\">Projeto de Lei n\u00ba 102/2018</p>\r\n<p align=\"center\">Projeto de Lei Complementar n\u00ba 02/2018</p>\r\n<p align=\"center\">Projeto de Lei Complementar n\u00ba 04/2018</p>\r\n<p align=\"center\">Projeto de Lei Complementar n\u00ba 05/2018</p>\r\n<p align=\"center\">\u00a0</p>\r\n<p align=\"center\"><b>Primeira Discuss\u00e3o e Vota\u00e7\u00e3o</b></p>\r\n<p align=\"center\">Projeto de Lei n\u00ba 82/2018</p>\r\n<p align=\"center\">Projeto de Lei Complementar n\u00ba 03/2018</p>\r\n<p align=\"center\">Projeto de Lei n\u00ba 104/2018</p>\r\n<p align=\"center\">Projeto de Decreto Legislativo n\u00ba 04/2018</p>\r\n<p align=\"center\"><b>\u00a0</b></p>\r\n<p align=\"center\"><b>PALAVRA LIVRE</b></p>\r\n<p align=\"center\"><b>\u00a0</b></p>\r\n<p align=\"center\"><b>Zolmir Frizzo (Extensionista Rural da Epagri): </b>Explanando<b> </b>e apresentando um resumo das principais a\u00e7\u00f5es desenvolvidas pelo escrit\u00f3rio Municipal da Epagri de Descanso no ano de 2018.</p>", "author_name": "", "version": "1.0", "author_url": "https://www.descanso.sc.leg.br/author/deo", "provider_name": "C\u00e2mara Municipal de Vereadores", "type": "rich"}