{"provider_url": "https://www.descanso.sc.leg.br", "title": "4\u00aa SESS\u00c3O ORDIN\u00c1RIA DE 2019", "html": "<p>Ocorreu ontem 21 de fevereiro, a partir das 18h30min a 4\u00aa Sess\u00e3o Ordin\u00e1ria do m\u00eas de fevereiro, 4\u00aa Sess\u00e3o Ordin\u00e1ria do ano de 2019 do Poder Legislativo de Descanso. No <b><span>Pequeno Expediente</span></b> foram apresentadas e votadas quatro Indica\u00e7\u00f5es:</p>\r\n<p><b>Indica\u00e7\u00e3o n\u00ba 13/2019</b>, de autoria do Vereador Denilso Francisco Vicentin, solicita ao Executivo a implanta\u00e7\u00e3o de redutores de velocidades nas ruas Bernardina Guizzi, Castelo Branco, Presidente Kennedy, Sete de Setembro e 15 de Novembro, bem como a sinaliza\u00e7\u00e3o com faixa de pedestres na Rua Jorge Lacerda da SC 163 de acesso a Escola de Educa\u00e7\u00e3o B\u00e1sica Itajub\u00e1, frente a Comercial Santa L\u00facia e em frente ao Posto de Sa\u00fade no Distrito de Itajub\u00e1.</p>\r\n<p><b>Indica\u00e7\u00e3o n\u00ba 14/2019,</b> de autoria do Vereador Marcos Baldo, solicita ao Executivo que estude a viabilidade de instala\u00e7\u00e3o/constru\u00e7\u00e3o de abrigos de prote\u00e7\u00e3o contra intemp\u00e9ries nos principais pontos destinados ao embarque e desembarque de alunos na zona rural de nosso munic\u00edpio.</p>\r\n<p><b>Indica\u00e7\u00e3o n\u00ba 15/2019</b>, de autoria do Vereador Volmir Adelar Casagrande, solicita ao Executivo, melhorias como patrolamento, cascalhamento e compacta\u00e7\u00e3o da estrada geral de L\u00aa S\u00e3o Paulo at\u00e9 o acesso a L\u00aa Vorazinho, Distrito de Itajub\u00e1.</p>\r\n<p><b>Indica\u00e7\u00e3o n\u00ba 16/2019,</b> de autoria do Vereador Vlademir Oro, \u00a0solicita ao Executivo, implanta\u00e7\u00e3o/constru\u00e7\u00e3o de lombada f\u00edsica na Rua Coluna Prestes, mais expressivamente pr\u00f3ximo \u00e0 empresa HB Inform\u00e1tica.</p>\r\n<p><b>\u00a0<span>Ordem do Dia</span></b></p>\r\n<p>\u00a0Foi discutido e aprovado por unanimidade, em vota\u00e7\u00e3o \u00fanica, o Projeto de Resolu\u00e7\u00e3o n\u00ba 01/2019 que <b>DISP\u00d5E SOBRE A CRIA\u00c7\u00c3O, NO \u00c2MBITO DA C\u00c2MARA MUNICIPAL DE DESCANSO/SC DO VEREADOR MIRIM, E D\u00c1 OUTRAS PROVID\u00caNCIAS. </b>Fica criado, no \u00e2mbito da C\u00e2mara Municipal de Descanso/SC, o \u201cPrograma Vereador Mirim\u201d, com o objetivo de estimular a participa\u00e7\u00e3o pol\u00edtica dos estudantes, propiciando momentos de reflex\u00e3o e estudo sobre o papel do Poder Legislativo Municipal e a import\u00e2ncia da pol\u00edtica numa sociedade democr\u00e1tica.<b> </b>O Programa Vereador Mirim ser\u00e1 constitu\u00eddo por estudantes devidamente matriculados e efetivamente estudando do 5\u00b0 ao 9\u00b0 ano do Ensino Fundamental e 1\u00b0 ao 3\u00b0 ano do Ensino M\u00e9dio.<b> </b>A C\u00e2mara Mirim de Descanso ser\u00e1 composta por (01) um representante de cada escola do 5\u00b0 ao 9\u00b0 ano do Ensino Fundamental e (01) um representante do 1\u00b0 ao 3\u00b0 ano do Ensino M\u00e9dio, residentes e matriculados em escola p\u00fablica e particular do Munic\u00edpio de Descanso.<b></b></p>\r\n<p><b>\u00a0</b></p>\r\n<p>\u00a0</p>\r\n<p>\u00a0</p>\r\n<p>\u00a0</p>", "author_name": "", "version": "1.0", "author_url": "https://www.descanso.sc.leg.br/author/deo", "provider_name": "C\u00e2mara Municipal de Vereadores", "type": "rich"}