{"provider_url": "https://www.descanso.sc.leg.br", "title": "48\u00aa SESS\u00c3O ORDIN\u00c1RIA", "html": "<p align=\"center\"><b>C\u00c2MARA MUNICIPAL DE DESCANSO</b></p>\r\n<p align=\"center\"><b>\u00a0</b></p>\r\n<p align=\"center\"><b>48\u00aa SESS\u00c3O ORDIN\u00c1RIA</b></p>\r\n<p align=\"center\"><b>\u00a0</b></p>\r\n<p align=\"center\"><b>22/11/2018 QUINTA-FEIRA</b></p>\r\n<p align=\"center\"><b>\u00a0</b></p>\r\n<p align=\"center\"><b>\u00a0</b></p>\r\n<p align=\"center\"><b>PEQUENO EXPEDIENTE</b></p>\r\n<p align=\"center\">\u00a0</p>\r\n<p align=\"center\"><b>Autor: Poder Executivo </b></p>\r\n<p align=\"center\"><b>Of\u00edcio n\u00ba 569/2018: </b>O Prefeito Municipal encaminhou para aprecia\u00e7\u00e3o dessa Casa Legislativa o seguinte Projeto de Lei:</p>\r\n<p align=\"center\"><b>\u00a0</b></p>\r\n<p align=\"center\"><b><i><span>Projeto de Lei n\u00ba 99/2018</span></i></b></p>\r\n<p align=\"center\">\u201cDISP\u00d5E SOBRE A CRIA\u00c7\u00c3O DA POL\u00cdTICA MUNICIPAL DE DESENVOLVIMENTO RURAL NO MUNIC\u00cdPIO DE DESCANSO \u2013 <b>\u201cQUALIDADE DE VIDA NO CAMPO\u201d</b>, QUE MODIFICA E INSTITUI PROGRAMAS DE INCENTIVO A PRODU\u00c7\u00c3O AGROPECU\u00c1RIA E FOMENTO A EMISS\u00c3O DE NOTAS FISCAIS E D\u00c1 OUTRAS PROVID\u00caNCIAS\u201d.</p>\r\n<p align=\"center\">\u00a0</p>\r\n<p align=\"center\">Autora: Deputada Ana Paula Lima</p>\r\n<p align=\"center\">Requerimento n\u00ba 00879/2018: \u201cA ASSEMBLEIA LEGISLATIVA DO ESTADO DE SANTA CATARINA, ACOLHENDO PROPOSI\u00c7\u00c3O DA DEPUTADA ANA PAULA LIMA, CUMPRIMENTA VOSSA EXCEL\u00caNCIA E A POPULA\u00c7\u00c3O DESE MUNIC\u00cdPIO, PELO ANIVERS\u00c1RIO DE EMANCIPA\u00c7\u00c3O POL\u00cdTICO-ADMINISTRATIVA, COM VOTO DE CONT\u00cdNUO PROGRESSO E DESENVOLVIMENTO PARA O BEM-ESTAR DE TODOS OS SEUS CIDAD\u00c3OS\u201d.</p>\r\n<p align=\"center\">\u00a0</p>\r\n<p align=\"center\"><b>Autor: MARCOS BALDO</b></p>\r\n<p align=\"center\"><b>Indica\u00e7\u00e3o n\u00ba 117/2018:</b> Solicitando ao Prefeito Municipal melhorias necess\u00e1rias no muro da Creche Municipal Professora Gracinha.</p>\r\n<p align=\"center\">\u00a0</p>\r\n<p align=\"center\"><b>ORDEM DO DIA</b></p>\r\n<p align=\"center\"><b>\u00a0</b></p>\r\n<p align=\"center\"><b>Segunda Discuss\u00e3o e Vota\u00e7\u00e3o</b><b></b></p>\r\n<p align=\"center\">Projeto de Lei n\u00ba 89/2018</p>\r\n<p align=\"center\">Projeto de Lei n\u00ba 94/2018</p>\r\n<p align=\"center\">Projeto de Lei n\u00ba 95/2018</p>\r\n<p align=\"center\">Projeto de Lei n\u00ba 96/2018</p>\r\n<p><b>\u00a0</b></p>\r\n<p align=\"center\">\u00a0</p>", "author_name": "", "version": "1.0", "author_url": "https://www.descanso.sc.leg.br/author/deo", "provider_name": "C\u00e2mara Municipal de Vereadores", "type": "rich"}