{"provider_url": "https://www.descanso.sc.leg.br", "title": "47\u00aa Sess\u00e3o Ordin\u00e1ria de 2019", "html": "<p>47\u00aa Sess\u00e3o Ordin\u00e1ria de 2019 do Terceiro Per\u00edodo Legislativo, 4\u00aa Sess\u00e3o Ordin\u00e1ria do m\u00eas de novembro \u2013 19 de novembro de 2019.</p>\r\n<p><span>\u00a0</span></p>\r\n<p><b><span>PEQUENO EXPEDIENTE: </span></b></p>\r\n<p>\u00a0</p>\r\n<p><b>Proposta de Emenda Modificativa n\u00ba 01/2019 ao Projeto de Lei n\u00ba 39/2019</b>, de autoria dos vereadores Denilso Francisco Vicentin e Juliano Junior Kasper, que \u201cALTERA A REDA\u00c7\u00c3O DO ARTIGO 04 DO PROJETO DE LEI N\u00ba 39/2019, QUE \u201cAUTORIZA O PODER EXECUTIVO A ASSENTAR PROVISORIAMENTE FAM\u00cdLIAS IND\u00cdGENAS EM \u00c1REA P\u00daBLICA E D\u00c1 OUTRAS PROVID\u00caNCIAS\u201d\u2019. (submetida \u00e0 Ordem do Dia)</p>\r\n<p>______________________________________________________________________</p>\r\n<p><b><span>Indica\u00e7\u00e3o n\u00ba 148/2019</span></b>: O vereador Vlademir Oro solicita ao Executivo Municipal, para que atrav\u00e9s do setor competente, providencie patrolamento, cascalhamento e compacta\u00e7\u00e3o da estrada de acesso \u00e0 fam\u00edlia de Plinio Perreira em L\u00aa Sanga Curta. (Aprovada por unanimidade de votos)</p>\r\n<p><b><span>Indica\u00e7\u00e3o n\u00ba 149/2019</span></b>: O vereador Vlademir Oro solicita ao Executivo Municipal, para que atrav\u00e9s do setor competente, providencie patrolamento, cascalhamento e compacta\u00e7\u00e3o do acesso a resid\u00eancia da Sra. Helena Fagundes da Silva, situada no Distrito de Itajub\u00e1. (Aprovada por unanimidade de votos)</p>\r\n<p><b><span>Requerimento de Informa\u00e7\u00e3o n\u00ba 29/2019:</span></b> Os vereadores Juliano Junior Kasper e \u00a0Vlademir Oro solicita ao Chefe do Executivo Municipal, a fim de que informe a esta Casa Legislativa o seguinte:</p>\r\n<p>Quais as medidas e/ou procedimentos foram ou est\u00e3o sendo tomados em rela\u00e7\u00e3o \u00e0 solicita\u00e7\u00e3o de implanta\u00e7\u00e3o de uma lombada f\u00edsica (quebra-molas) na rua Humberto de Campos, pr\u00f3ximo ao silo da Cooper A1? J\u00e1 sugerida pelo vereador Juliano Junior Kasper por meio da indica\u00e7\u00e3o n\u00ba 69/2019.</p>\r\n<p>\u00a0</p>\r\n<p>JUSTIFICATIVA</p>\r\n<p>\u00a0</p>\r\n<p>Esta indica\u00e7\u00e3o \u00e9 uma solicita\u00e7\u00e3o destes vereadores tendo em vista o fluxo de ve\u00edculos em alta velocidade.</p>\r\n<p>A falta de lombadas f\u00edsicas facilita a alta velocidade de ve\u00edculos e motociclistas colocando em risco a vida dos moradores da localidade. O objetivo da implanta\u00e7\u00e3o da mesma \u00e9 a seguran\u00e7a para todos em geral, na referida rua tem v\u00e1rias crian\u00e7as. (Aprovado por unanimidade de votos)</p>\r\n<p><b><span>Requerimento de Informa\u00e7\u00e3o n\u00ba 30/2019</span></b><span>:</span> O vereador Denilso Francisco Vicentin solicita ao Chefe do Executivo Municipal, a fim de que informe a esta Casa Legislativa o seguinte:</p>\r\n<p>Quais os procedimentos foram ou est\u00e3o sendo tomado em rela\u00e7\u00e3o ao patrolamento, cascalhamento e compacta\u00e7\u00e3o na Rua Rui Barbosa no Distrito de Itajub\u00e1, Descanso? J\u00e1 sugerida por este vereador signat\u00e1rio por meio da Indica\u00e7\u00e3o n\u00ba 118/2019.</p>\r\n<p>\u00a0</p>\r\n<p align=\"center\"><b>JUSTIFICATIVA</b></p>\r\n<p align=\"center\"><b>\u00a0</b></p>\r\n<p>Tendo em vista que na referida rua situa\u00e7\u00e3o encontra-se muito prec\u00e1ria, sendo assim faz-se a necessidade de melhorias com urg\u00eancia. (Aprovado por unanimidade de votos)</p>\r\n<p><b><span>Mo\u00e7\u00e3o de Aplauso n\u00ba 41/2019:</span></b> Os vereadores Marcos Baldo e Denilso Francisco Vicentin parabenizam ao Sr. Thiago Grassiolli, nos seguintes termos:</p>\r\n<p>\u00a0</p>\r\n<h3>\u201cPARABENIZAM O ATLETA THIAGO GRASSIOLLI PELA BEL\u00cdSSIMA REPRESENTATIVIDADE O MUNIC\u00cdPIO DE DESCANSO NA MEIA MARATONA DE FLORIAN\u00d3POLIS E DEMAIS COMPETI\u00c7\u00d5ES\u201d (Aprovada por unanimidade de votos)</h3>\r\n<p>\u00a0</p>\r\n<p><b><span>ORDEM DO DIA:</span></b><b> </b></p>\r\n<p><b><span>Segundo Turno de Discuss\u00e3o e Vota\u00e7\u00e3o:</span></b></p>\r\n<p>\u00a0</p>\r\n<p><b>Projeto de Lei n\u00ba 38/2019</b>, de autoria do Poder Executivo, que \u201cRATIFICA AS ALTERA\u00c7\u00d5ES REALIZADAS NO PROTOCOLO DE INTEN\u00c7\u00d5ES CONSUBSTANCIADO NO CONTRATO DE CONS\u00d3RCIO P\u00daBLICO DA AG\u00caNCIA REGULADORA INTERMUNICIPAL DE SANEAMENTO (ARIS), E D\u00c1 OUTRAS PROVID\u00caNCIAS\u201d. (Aprovado por unanimidade de votos)</p>\r\n<p>\u00a0</p>\r\n<p><b>Projeto de Lei Complementar n\u00ba 04/2019</b>, de autoria do Poder Executivo, que \u201cAPROVA ALTERA\u00c7\u00d5ES NA LEI COMPLEMENTAR 035/2018, DE 19 DE OUTUBRO DE 2018, E D\u00c1 OUTRAS PROVID\u00caNCIAS\u201d. (Aprovado por unanimidade de votos)</p>\r\n<p>\u00a0</p>\r\n<p><b><span>Primeiro Turno de Discuss\u00e3o e Vota\u00e7\u00e3o:</span></b></p>\r\n<p><b>Proposta de Emenda Modificativa n\u00ba 01/2019, ao Projeto de Lei n\u00ba 39/2019</b>, de autoria dos vereadores Denilso Francisco Vicentin e Juliano Junior Kasper, que \u201cALTERA A REDA\u00c7\u00c3O DO ARTIGO 04 DO PROJETO DE LEI N\u00ba 39/2019, QUE \u201cAUTORIZA O PODER EXECUTIVO A ASSENTAR PROVISORIAMENTE FAM\u00cdLIAS IND\u00cdGENAS EM \u00c1REA P\u00daBLICA E D\u00c1 OUTRAS PROVID\u00caNCIAS\u201d\u2019. (Aprovada por maioria dos votos)</p>\r\n<p><b>\u00a0</b></p>\r\n<p><b>Projeto de Lei n\u00ba 39/2019 com Proposta de Emenda Modificativa 01/2019</b>, de autoria do Poder Executivo, que \u201cAUTORIZA O PODER EXECUTIVO A ASSENTAR PROVISORIAMENTE FAM\u00cdLIAS IND\u00cdGENAS EM \u00c1REA P\u00daBLICA E D\u00c1 OUTRAS PROVID\u00caNCIAS\u201d. (Aprovado por maioria de votos)<b></b></p>\r\n<p><b><span>\u00a0</span></b></p>\r\n<p><b>Projeto de Lei n\u00ba 44/2019</b>, que \u201cAUTORIZA ABERTURA DE CR\u00c9DITO ADICIONAL SUPLEMENTAR NO VALOR DE AT\u00c9 R$ 930.000,00 E D\u00c1 OUTRAS PROVID\u00caNCIAS\u201d. (Aprovado por unanimidade de votos)<b><span></span></b></p>\r\n<p><b><span>\u00a0</span></b></p>\r\n<p><b>Projeto de Lei n\u00ba 45/2019</b>, de autoria do Poder Executivo, que \u201cAUTORIZA O PODER EXECUTIVO A DOAR BEM IM\u00d3VEL DO MUNIC\u00cdPIO PARA A <b>SOCIEDADE ESPORTIVA E RECREATIVA PALMEIRAS</b> PARA OS FINS QUE ESTABELECE\u201d. (Aprovado por unanimidade de votos)<b><span></span></b></p>\r\n<p><b><span>\u00a0</span></b></p>\r\n<p><b><span>TRIBUNA LIVRE:</span></b></p>\r\n<p>Thiago Grassiolli usou a palavra com a finalidade de manifestar-se sobre a Mo\u00e7\u00e3o de Aplauso n\u00ba 41/2019.</p>\r\n<p><img src=\"https://www.descanso.sc.leg.br/institucional/fotos/47SESSOORDINRIADE20195.jpg/@@images/e4ea5943-37d0-4420-bcc2-595e3cc1a3f1.jpeg\" alt=\"\" class=\"image-inline\" title=\"\" /></p>\r\n<p><img src=\"https://www.descanso.sc.leg.br/institucional/fotos/47SESSOORDINRIADE20196.jpg/@@images/7126d980-0450-4709-bec8-0120d5a1b630.jpeg\" alt=\"\" class=\"image-inline\" title=\"\" /></p>\r\n<p><img src=\"https://www.descanso.sc.leg.br/institucional/fotos/47SESSOORDINRIADE20194.JPG/@@images/04797428-0782-495b-a336-d2a9095bc9d5.jpeg\" alt=\"\" class=\"image-inline\" title=\"\" /></p>\r\n<p><img src=\"https://www.descanso.sc.leg.br/institucional/fotos/47SESSOORDINRIADE20191.JPG/@@images/1b74bf23-4339-4d30-aa61-48d575327caf.jpeg\" alt=\"\" class=\"image-inline\" title=\"\" /></p>\r\n<p><img src=\"https://www.descanso.sc.leg.br/institucional/fotos/65cafbc0a15a40b9a342f074f89bb860.JPG/@@images/8159a1e4-5205-40c4-b8f9-bffc29869c31.jpeg\" alt=\"\" class=\"image-inline\" title=\"\" /></p>\r\n<p><img src=\"https://www.descanso.sc.leg.br/institucional/fotos/47SESSOORDINRIADE20193.JPG/@@images/27a02854-b9ac-4bf0-a7e9-67f0a6ffe8e5.jpeg\" alt=\"\" class=\"image-inline\" title=\"\" /></p>", "author_name": "", "version": "1.0", "author_url": "https://www.descanso.sc.leg.br/author/deo", "provider_name": "C\u00e2mara Municipal de Vereadores", "type": "rich"}