{"provider_url": "https://www.descanso.sc.leg.br", "title": "46\u00aa SESS\u00c3O ORDIN\u00c1RIA", "html": "<p align=\"center\"><b>C\u00c2MARA MUNICIPAL DE DESCANSO</b></p>\r\n<p align=\"center\"><b>\u00a0</b></p>\r\n<p align=\"center\"><b>46\u00aa SESS\u00c3O ORDIN\u00c1RIA</b></p>\r\n<p align=\"center\"><b>\u00a0</b></p>\r\n<p align=\"center\"><b>13/11/2018 TER\u00c7A-FEIRA</b></p>\r\n<p align=\"center\"><b>\u00a0</b></p>\r\n<p align=\"center\"><b>\u00a0</b></p>\r\n<p align=\"center\"><b>PEQUENO EXPEDIENTE</b></p>\r\n<p align=\"center\"><b>\u00a0</b></p>\r\n<p align=\"center\"><b>Autor: Poder Legislativo</b></p>\r\n<p align=\"center\"><b>Projeto de Decreto Legislativo n\u00ba 03/2018</b></p>\r\n<p align=\"center\"><b>\u201c</b>DECLARA PONTO FALCUTATIVO NO DIA 16 DE NOVEMBRO DE 2018, P\u00d3S-FERIADO DE 15 DE NOVEMBRO DE 2018, NA C\u00c2MARA DE VEREADORES DE DESCANSO/SC E D\u00c1 OUTRAS PROVID\u00caNCIAS\u201d.</p>\r\n<p align=\"center\"><b>\u00a0</b></p>\r\n<p align=\"center\"><b>O Projeto de Decreto Legislativo 03/2018 foi submetido \u00e0 ORDEM DO DIA</b></p>\r\n<p align=\"center\"><b>\u00a0</b></p>\r\n<p align=\"center\"><b>Parlamento Jovem Descansense Grupo 2</b></p>\r\n<p align=\"center\"><b>\u00a0</b></p>\r\n<p align=\"center\"><b>Autores: Maria Carolina Bueno Nardi e Luiz Eduardo Ramos Lanza</b></p>\r\n<p align=\"center\"><b><i><span>Projeto de Lei n\u00ba 01/2018</span></i></b></p>\r\n<p align=\"center\">\u201cCRIA O PROGRAMA CAL\u00c7ADA SEGURA E REGULAMENTA A PADRONIZA\u00c7\u00c3O DA PAVIMENTA\u00c7\u00c3O DAS CAL\u00c7ADAS E PASSEIOS NO MUNIC\u00cdPIO DE DESCANSO/SC E D\u00c1 OUTRAS PROVID\u00caNCIAS\u201d.</p>\r\n<p align=\"center\">\u00a0</p>\r\n<p align=\"center\"><b>Presidente da C\u00e2mara Sr. M\u00e1rcio Maximino Bortoloto:</b></p>\r\n<p align=\"center\">\u201cO Projeto de Lei n\u00ba 01/2018 \u00e9 uma iniciativa do Parlamento Jovem Grupo 2, parabenizamos a atitude dos jovens vereadores que demonstraram interesse na melhoria do nosso munic\u00edpio. Gostaria de discutir com todos os vereadores a possibilidade de envio ao Poder Executivo como sugest\u00e3o de Projeto, demonstrando nossa valoriza\u00e7\u00e3o aos Jovens Parlamentares\u201d.</p>\r\n<p align=\"center\"><b>Aprovado por unanimidade de votos o envio ao Poder Executivo a sugest\u00e3o de Projeto de Lei n\u00ba 01/2018 do Parlamento Jovem \u2013 Grupo 2</b></p>\r\n<p align=\"center\"><b>\u00a0</b></p>\r\n<p align=\"center\"><b>Autor: M\u00e1rcio Maximino Bortoloto</b></p>\r\n<p align=\"center\"><b>Indica\u00e7\u00e3o n\u00ba 113/2018: </b>Solicitando ao Prefeito Municipal horas m\u00e1quinas de retroescavadeira e cascalhamento na propriedade do Sr. Olivo Zampiron, na L\u00aa Cachoeirinha.</p>\r\n<p align=\"center\"><b>Indica\u00e7\u00e3o n\u00ba 114/2018: </b>Solicitando ao Prefeito Municipal cascalhamento e compacta\u00e7\u00e3o do acesso \u00e0 propriedade do Sr. Romildo Andregetti, na L\u00aa Cachoeirinha.</p>\r\n<p align=\"center\">\u00a0</p>\r\n<p align=\"center\"><b>Autor: MARCOS BALDO</b></p>\r\n<p align=\"center\"><b>Mo\u00e7\u00e3o n\u00ba 38/2018:</b> Parabenizando \u00e0 oficina de <b><i>Muay Thai </i></b>do munic\u00edpio de Descanso, pela participa\u00e7\u00e3o da competi\u00e7\u00e3o nacional de Muay Thai, realizada em Porto Alegre.</p>\r\n<p align=\"center\">\u00a0</p>\r\n<p align=\"center\"><b>ORDEM DO DIA</b></p>\r\n<p align=\"center\"><b>\u00a0</b></p>\r\n<p align=\"center\"><b>Segunda Discuss\u00e3o e Vota\u00e7\u00e3o</b><b></b></p>\r\n<p align=\"center\">Projeto de Lei n\u00ba 90/2018</p>\r\n<p align=\"center\">Projeto de Lei n\u00ba 91/2018</p>\r\n<p align=\"center\">Projeto de Lei n\u00ba 92/2018</p>\r\n<p align=\"center\">Projeto de Lei n\u00ba 97/2018</p>\r\n<p align=\"center\">Projeto de Lei n\u00ba 98/2018<b></b></p>\r\n<p align=\"center\"><b>\u00a0</b></p>\r\n<p align=\"center\"><b>\u00danica Discuss\u00e3o e Vota\u00e7\u00e3o</b></p>\r\n<p align=\"center\">Projeto de Decreto Legislativo n\u00ba 03/2018</p>\r\n<p align=\"center\"><b>\u00a0</b></p>\r\n<p align=\"center\"><b>\u00a0</b></p>\r\n<p align=\"center\"><b>\u00a0</b></p>\r\n<p align=\"center\">\u00a0</p>", "author_name": "", "version": "1.0", "author_url": "https://www.descanso.sc.leg.br/author/deo", "provider_name": "C\u00e2mara Municipal de Vereadores", "type": "rich"}