{"provider_url": "https://www.descanso.sc.leg.br", "title": "45\u00aa SESS\u00c3O ORDIN\u00c1RIA", "html": "<p align=\"center\"><b>C\u00c2MARA MUNICIPAL DE DESCANSO</b></p>\r\n<p align=\"center\"><b>\u00a0</b></p>\r\n<p align=\"center\"><b>45\u00aa SESS\u00c3O ORDIN\u00c1RIA</b></p>\r\n<p align=\"center\"><b>\u00a0</b></p>\r\n<p align=\"center\"><b>12/11/2018 SEGUNDA-FEIRA</b></p>\r\n<p align=\"center\"><b>\u00a0</b></p>\r\n<p align=\"center\"><b>\u00a0</b></p>\r\n<p align=\"center\"><b>PEQUENO EXPEDIENTE</b></p>\r\n<p align=\"center\"><b>\u00a0</b></p>\r\n<p align=\"center\"><b>Autor: MARCOS BALDO</b></p>\r\n<p align=\"center\"><b>Indica\u00e7\u00e3o n\u00ba 111/2018:</b> Solicitando ao Prefeito Municipal a recupera\u00e7\u00e3o de acesso \u00e0 propriedade do Sr. Leandro Alves, na L\u00aa Hervalzinho.</p>\r\n<p><b>Indica\u00e7\u00e3o n\u00ba 112/2018: </b>Solicitando ao Prefeito Municipal a coloca\u00e7\u00e3o de quebra-molas em frente \u00e0 propriedade do Sr. Luiz Carlos Nalin, na L\u00aa Pratinha.</p>\r\n<p>\u00a0</p>\r\n<p align=\"center\"><b>ORDEM DO DIA</b></p>\r\n<p align=\"center\"><b>\u00a0</b></p>\r\n<p align=\"center\"><b>Segunda Discuss\u00e3o e Vota\u00e7\u00e3o</b><b></b></p>\r\n<p align=\"center\">Projeto de Lei n\u00ba 85/2018</p>\r\n<p align=\"center\">Projeto de Lei n\u00ba 86/2018</p>\r\n<p align=\"center\">Projeto de Lei n\u00ba 87/2018</p>\r\n<p align=\"center\">Projeto de Lei n\u00ba 88/2018</p>\r\n<p align=\"center\"><b>\u00a0</b></p>\r\n<p align=\"center\"><b>Primeira Discuss\u00e3o e Vota\u00e7\u00e3o</b></p>\r\n<p align=\"center\">Projeto de Lei n\u00ba 90/2018</p>\r\n<p align=\"center\">Projeto de Lei n\u00ba 91/2018</p>\r\n<p align=\"center\">Projeto de Lei n\u00ba 92/2018</p>\r\n<p align=\"center\">Projeto de Lei n\u00ba 97/2018</p>\r\n<p align=\"center\">Projeto de Lei n\u00ba 98/2018<b></b></p>\r\n<p align=\"center\"><b>\u00a0</b></p>\r\n<p align=\"center\"><b>\u00a0</b></p>\r\n<p align=\"center\"><b>\u00a0</b></p>\r\n<p align=\"center\"><b>\u00a0</b></p>\r\n<p align=\"center\">\u00a0</p>", "author_name": "", "version": "1.0", "author_url": "https://www.descanso.sc.leg.br/author/deo", "provider_name": "C\u00e2mara Municipal de Vereadores", "type": "rich"}