{"provider_url": "https://www.descanso.sc.leg.br", "title": "43\u00aa SESS\u00c3O ORDIN\u00c1RIA DE 2018", "html": "<p align=\"center\"><b>C\u00c2MARA MUNICIPAL DE DESCANSO</b></p>\r\n<p align=\"center\"><b>\u00a0</b></p>\r\n<p align=\"center\"><b>43\u00aa SESS\u00c3O ORDIN\u00c1RIA</b></p>\r\n<p align=\"center\"><b>\u00a0</b></p>\r\n<p align=\"center\"><b>22/10/2018 SEGUNDA-FEIRA</b></p>\r\n<p align=\"center\"><b>\u00a0</b></p>\r\n<p align=\"center\"><b>\u00a0</b></p>\r\n<p align=\"center\"><b>PEQUENO EXPEDIENTE</b></p>\r\n<p align=\"center\"><b>\u00a0</b></p>\r\n<p align=\"center\"><b>Autor: Poder Executivo </b></p>\r\n<p align=\"center\"><b>Of\u00edcio n\u00ba 510/2018: </b>O Prefeito Municipal encaminhou para aprecia\u00e7\u00e3o dessa Casa Legislativa os seguintes Projetos de Lei:</p>\r\n<p align=\"center\"><b>\u00a0</b></p>\r\n<p align=\"center\"><b><i><span>Projeto de Lei n\u00ba 90/2018</span></i></b></p>\r\n<p align=\"center\">\u201cAUTORIZA ABERTURA DE CR\u00c9DITO ADICIONAL SUPLEMENTAR NO VALOR DE R$ 45.000,00 E D\u00c1 OUTRAS PROVID\u00caNCIAS\u201d.</p>\r\n<p align=\"center\">\u00a0</p>\r\n<p align=\"center\"><b>\u00a0<i><span>Projeto de Lei n\u00ba 91/2018</span></i></b></p>\r\n<p align=\"center\">\u201cAUTORIZA ABERTURA DE CR\u00c9DITO ADICIONAL SUPLEMENTAR NO VALOR DE R$ 20.000,00 E D\u00c1 OUTRAS PROVID\u00caNCIAS\u201d.</p>\r\n<p align=\"center\">\u00a0</p>\r\n<p align=\"center\"><b>Os Projetos de Lei 90/2018 e 91/2018 foram encaminhados as Comiss\u00f5es T\u00e9cnicas e Permanentes da Casa.</b></p>\r\n<p align=\"center\"><b>\u00a0</b></p>\r\n<p align=\"center\"><b>Parlamento Jovem Descansense \u2013 Grupo 1</b></p>\r\n<p align=\"center\"><b>Autora: Tainara Signor</b></p>\r\n<p><b>Indica\u00e7\u00e3o n\u00ba 17/2018: </b>Solicitando ao Prefeito Municipal aquisi\u00e7\u00e3o de telas e/ou grades de prote\u00e7\u00e3o para complementa\u00e7\u00e3o do cercado que envolve a Escola B\u00e1sica Municipal Cachoeirinha.</p>\r\n<p align=\"center\"><b>\u00a0</b></p>\r\n<p align=\"center\"><b>\u00a0</b></p>\r\n<p align=\"center\"><b>Autora: Amanda Batistel</b></p>\r\n<p><b>Indica\u00e7\u00e3o n\u00ba 18/2018: </b>Solicitando ao Superintendente do DEINFRA de S\u00e3o Miguel do Oeste a coloca\u00e7\u00e3o de placa informativa sinalizando o trecho sujeito a neblina cont\u00ednua pela parte da manh\u00e3 na SC/163 nas proximidades da resid\u00eancia da Sra. Rudicleusa Karlinski Gomes, munic\u00edpio de Descanso.</p>\r\n<p>\u00a0</p>\r\n<p align=\"center\"><b>Autora: Rayane Rafaela Padilha</b></p>\r\n<p><b>Indica\u00e7\u00e3o n\u00ba 19/2018: </b>Solicitando ao Prefeito Municipal a manuten\u00e7\u00e3o e reforma dos bancos de jardim da cidade de Descanso, do mesmo modo, solicita-se melhorias dos brinquedos da Pra\u00e7a Municipal Padre Francisco Masure.</p>\r\n<p align=\"center\">\u00a0</p>\r\n<p><b>Indica\u00e7\u00e3o n\u00ba 20/2018: </b>Solicitando ao Prefeito Municipal que estude a viabilidade em parceria com moradores e comerciantes da cidade as possibilidades de manuten\u00e7\u00e3o e reparos dos passeios p\u00fablicos em frente as suas resid\u00eancias e com\u00e9rcios do munic\u00edpio de Descanso.</p>\r\n<p align=\"center\">\u00a0</p>\r\n<p><b>\u00a0</b></p>\r\n<p align=\"center\"><b>Autores: </b><b>Amanda Batistel; </b><b>Let\u00edcia Ghizzi Forchesatto</b><b> e Thiago Sturmer</b></p>\r\n<p><b>Indica\u00e7\u00e3o n\u00ba 21/2018: </b>Solicitando ao Prefeito Municipal<b> </b>a coloca\u00e7\u00e3o de dois a tr\u00eas lixeiras seletivas no Centro de Educa\u00e7\u00e3o de Ensino Fundamental Paulo Henrique Pissaia, munic\u00edpio de Descanso.</p>\r\n<p>\u00a0</p>\r\n<p align=\"center\"><b>Autor: JHONI ZORT\u00c9A</b></p>\r\n<p><b>Mo\u00e7\u00e3o de Aplauso n\u00ba 36/2018: </b><b>Parabenizando </b>aos integrantes, dirigentes, comiss\u00e3o t\u00e9cnica e atletas do <b><i>Clube Esportivo e Recreativo Ouro Verde</i></b>, pela participa\u00e7\u00e3o em mais uma edi\u00e7\u00e3o do Campeonato Estadual de Amadores Fase Oeste.</p>\r\n<p>\u00a0</p>\r\n<p align=\"center\"><b>ORDEM DO DIA</b></p>\r\n<p align=\"center\"><b>\u00a0</b></p>\r\n<p align=\"center\"><b>Segunda Discuss\u00e3o e Vota\u00e7\u00e3o</b></p>\r\n<p align=\"center\"><b>Projeto de Lei n\u00ba 80/2018</b></p>\r\n<p align=\"center\"><b>PROPOSTA DE EMENDA CORRETIVA N\u00ba 01/2018, AO PROJETO DE LEI N\u00ba 81/2018</b></p>\r\n<p align=\"center\"><b>PROPOSTA DE EMENDA MODIFICATIVA N\u00ba 01/2018, AO PROJETO DE LEI N\u00ba 81/2018</b></p>\r\n<p align=\"center\"><b>Projeto de Lei n\u00ba 81/2018 com Proposta de Emenda Corretiva n\u00ba 01/2018 e Proposta de Emenda Modificativa n\u00ba 01/2018</b></p>\r\n<p align=\"center\"><b>\u00a0</b></p>\r\n<p align=\"center\"><b>\u00a0</b></p>\r\n<p>\u00a0</p>", "author_name": "", "version": "1.0", "author_url": "https://www.descanso.sc.leg.br/author/deo", "provider_name": "C\u00e2mara Municipal de Vereadores", "type": "rich"}