{"provider_url": "https://www.descanso.sc.leg.br", "title": "42\u00aa SESS\u00c3O ORDIN\u00c1RIA DE 2018", "html": "<p align=\"center\"><b>C\u00c2MARA MUNICIPAL DE DESCANSO</b></p>\r\n<p align=\"center\"><b>\u00a0</b></p>\r\n<p align=\"center\"><b>42\u00aa SESS\u00c3O ORDIN\u00c1RIA</b></p>\r\n<p align=\"center\"><b>\u00a0</b></p>\r\n<p align=\"center\"><b>16/10/2018 TER\u00c7A-FEIRA</b></p>\r\n<p align=\"center\"><b>\u00a0</b></p>\r\n<p align=\"center\"><b>\u00a0</b></p>\r\n<p align=\"center\"><b>PEQUENO EXPEDIENTE</b></p>\r\n<p align=\"center\"><b>\u00a0</b></p>\r\n<p align=\"center\"><b>Autor: JHONI ZORT\u00c9A</b></p>\r\n<p align=\"center\"><b>PROPOSTA DE EMENDA CORRETIVA N\u00ba 01/2018, AO PROJETO DE LEI N\u00ba 81/2018, DE 06 DE SETEMBRO DE 2018 \u2013 PODER EXECUTIVO: </b>CORRIGE A REDA\u00c7\u00c3O DOS PAR\u00c1GRAFOS SEGUNDO E TERCEIRO DO ARTIGO 15 DO PROJETO DE LEI N\u00ba 81/2018, QUE \u201cDISP\u00d5E SOBRE AS DIRETRIZES OR\u00c7AMENT\u00c1RIAS DO MUNIC\u00cdPIO DE DESCANSO, AS METAS E PRIORIDADES DA ADMINISTRA\u00c7\u00c3O, SEUS RECURSOS FINANCEIROS E AS BASES PARA PREPARA\u00c7\u00c3O DO OR\u00c7AMENTO PROGRAMA PARA O EXERC\u00cdCIO DE 2019\u201d.</p>\r\n<p align=\"center\">\u00a0</p>\r\n<p align=\"center\"><b>A Proposta de Emenda Corretiva n\u00ba 01/2018 ao Projeto de Lei n\u00ba 81/2018 foi encaminhada \u00e0 ORDEM DO DIA.</b></p>\r\n<p align=\"center\"><b>\u00a0</b></p>\r\n<p align=\"center\"><b>Autor: JHONI ZORT\u00c9A</b></p>\r\n<p align=\"center\"><b>PROPOSTA DE EMENDA MODIFICATIVA N\u00ba 01/2018, AO PROJETO DE LEI N\u00ba 81/2018, DE 06 DE SETEMBRO DE 2018 \u2013 PODER EXECUTIVO: </b>ALTERA A REDA\u00c7\u00c3O DO PAR\u00c1GRAFO TERCEIRO DO ARTIGO 15 DO PROJETO DE LEI N\u00ba 81/2018, QUE \u201cDISP\u00d5E SOBRE AS DIRETRIZES OR\u00c7AMENT\u00c1RIAS DO MUNIC\u00cdPIO DE DESCANSO, AS METAS E PRIORIDADES DA ADMINISTRA\u00c7\u00c3O, SEUS RECURSOS FINANCEIROS E AS BASES PARA PREPARA\u00c7\u00c3O DO OR\u00c7AMENTO PROGRAMA PARA O EXERC\u00cdCIO DE 2019\u201d.</p>\r\n<p align=\"center\">\u00a0</p>\r\n<p align=\"center\"><b>A Proposta de Emenda Modificativa n\u00ba 01/2018 ao Projeto de Lei n\u00ba 81/2018 foi encaminhada \u00e0 ORDEM DO DIA.</b></p>\r\n<p align=\"center\">\u00a0</p>\r\n<p align=\"center\"><b>ORDEM DO DIA</b></p>\r\n<p align=\"center\"><b>\u00a0</b></p>\r\n<p align=\"center\"><b>Segunda Discuss\u00e3o e Vota\u00e7\u00e3o</b></p>\r\n<p align=\"center\"><b>PROPOSTA DE EMENDA ADITIVA N\u00ba 01, AO PROJETO DE LEI N\u00ba 48/2018 </b></p>\r\n<p align=\"center\"><b>Projeto de Lei n\u00ba 48/2018 com Proposta de Emenda Aditiva n\u00ba 01/2018</b></p>\r\n<p align=\"center\"><b>Projeto de Lei n\u00ba 67/2018</b></p>\r\n<p align=\"center\"><b>Projeto de Lei n\u00ba 77/2018</b></p>\r\n<p align=\"center\"><b>Projeto de Lei n\u00ba 79/2018</b></p>\r\n<p align=\"center\"><b>Projeto de Lei n\u00ba 84/2018</b></p>\r\n<p align=\"center\">\u00a0</p>\r\n<p align=\"center\"><b>Primeira Discuss\u00e3o e Vota\u00e7\u00e3o</b></p>\r\n<p align=\"center\"><b>Projeto de Lei n\u00ba 80/2018</b></p>\r\n<p align=\"center\"><b>PROPOSTA DE EMENDA CORRETIVA N\u00ba 01/2018, AO PROJETO DE LEI N\u00ba 81/2018</b></p>\r\n<p align=\"center\"><b>PROPOSTA DE EMENDA MODIFICATIVA N\u00ba 01/2018, AO PROJETO DE LEI N\u00ba 81/2018</b></p>\r\n<p align=\"center\"><b>Projeto de Lei n\u00ba 81/2018 com Proposta de Emenda Corretiva n\u00ba 01/2018 e Proposta de Emenda Modificativa n\u00ba 01/2018</b></p>\r\n<p align=\"center\"><b>\u00a0</b></p>\r\n<p align=\"center\"><b>\u00a0</b></p>\r\n<p>\u00a0</p>", "author_name": "", "version": "1.0", "author_url": "https://www.descanso.sc.leg.br/author/deo", "provider_name": "C\u00e2mara Municipal de Vereadores", "type": "rich"}