{"provider_url": "https://www.descanso.sc.leg.br", "title": "3\u00aa Sess\u00e3o Ordin\u00e1ria da C\u00e2mara Mirim 2019", "html": "<p>Os vereadores mirins de Descanso realizaram nesta sexta-feira (05/07) o encontro mensal de julho. Nesta sess\u00e3o, foram apresentadas sete indica\u00e7\u00f5es e uma mo\u00e7\u00e3o. <b>Indica\u00e7\u00e3o n\u00ba 13/2019</b>, de Y\u00fari Sturmer, solicitando ao Chefe de Poder Executivo Municipal Sr. Sadi In\u00e1cio Bonamigo e a Secret\u00e1ria de Educa\u00e7\u00e3o Sra. Marise Pr\u00e9vide Giombelli, estude a viabilidade de construir uma cisterna para capta\u00e7\u00e3o da \u00e1gua da chuva, no CEEF Paulo Henrique Pissaia.</p>\r\n<p><b>A Indica\u00e7\u00e3o n\u00ba 14/2019</b>, de Douglas Rodrigues, solicitando ao Executivo, que estude as possibilidades e a viabilidade de que haja uma profissional da \u00e1rea de psicologia para estar atendendo nas escolas do munic\u00edpio.</p>\r\n<p><b>A Indica\u00e7\u00e3o n\u00ba 15/2019</b>, de \u00c9rica Cappellaro, solicitando ao Executivo, reposi\u00e7\u00e3o das l\u00e2mpadas p\u00fablicas queimadas.</p>\r\n<p><b>A Indica\u00e7\u00e3o n\u00ba 16/2019</b>, de Brayan Sima da Silva, solicitando ao Executivo, aquisi\u00e7\u00e3o de c\u00e2meras de v\u00eddeo monitoramento a serem instaladas na E.B.M. Cachoeirinha.</p>\r\n<p><b>A Indica\u00e7\u00e3o n\u00ba 17/2019</b>, de Brayan Sima da Silva, solicitando ao Executivo, estude as possibilidades de ser constru\u00edda uma estufa agr\u00edcola nas depend\u00eancias da escola E.B.M. Cachoeirinha.</p>\r\n<p><b>A Indica\u00e7\u00e3o n\u00ba 18/2019</b>, de Y\u00fari Sturmer, solicitando ao Executivo, que estude a viabilidade e as possibilidades de constru\u00e7\u00e3o de pista de ciclovia ao longo da Av. Martin Piaseski e Av. Santa Helena, entre o mercado Cooper A1 at\u00e9 o trevo de acesso ao munic\u00edpio de Descanso.</p>\r\n<p><b>A Indica\u00e7\u00e3o n\u00ba 19/2019</b>, de Keila Regina Mayer e Carla Salete Minozzo, solicitando ao Executivo, providencie constru\u00e7\u00e3o de rampas de acessibilidade em v\u00e1rios pontos estrat\u00e9gicos do munic\u00edpio.</p>\r\n<p><b>A Mo\u00e7\u00e3o de Aplauso n\u00ba 01/2019</b>, de \u00c9rica Cappellaro, parabenizando a todos envolvidos no 3\u00ba Arr\u00e1ia de Descanso pelo bel\u00edssimo evento realizado.</p>\r\n<p>Os trabalhos dos vereadores mirins foram prestigiados pelo vereador presidente Volmir Adelar Casagrande, vereador Marcos Baldo e vereadora Cleuza da Parecida Maraffon Mazzardo, suplentes mirins e funcion\u00e1rios da Casa Legislativa.</p>\r\n<p>A pr\u00f3xima sess\u00e3o dos vereadores mirins ser\u00e1 no dia 12 de agosto, \u00e0s 08h30min.</p>\r\n<p><img src=\"https://www.descanso.sc.leg.br/institucional/fotos/file128.jpeg/@@images/a23beb7b-b839-44eb-91b5-85fe3beda8bc.jpeg\" alt=\"\" class=\"image-inline\" title=\"\" /><img src=\"https://www.descanso.sc.leg.br/institucional/fotos/file34.jpeg/@@images/78f161c3-4378-4d9a-b4f5-ca45b8e401a4.jpeg\" alt=\"\" class=\"image-inline\" title=\"\" /></p>", "author_name": "", "version": "1.0", "author_url": "https://www.descanso.sc.leg.br/author/deo", "provider_name": "C\u00e2mara Municipal de Vereadores", "type": "rich"}