{"provider_url": "https://www.descanso.sc.leg.br", "title": "3\u00aa SESS\u00c3O ORDIN\u00c1RIA DE 2019", "html": "<p>A 3\u00aa Sess\u00e3o Ordin\u00e1ria de 2019 ocorreu na Ter\u00e7a-feira, 12 de fevereiro, com inicio \u00e0s 18h30min, na sess\u00e3o realizou-se apresenta\u00e7\u00e3o e vota\u00e7\u00e3o das Indica\u00e7\u00f5es n\u00ba 09, 10, 11 e 12/2019 e a Mo\u00e7\u00e3o de Apelo n\u00ba 04/2019. N\u00e3o houve mat\u00e9ria na Ordem do dia.</p>\r\n<p><span>\u00a0</span></p>\r\n<p><b>Indica\u00e7\u00e3o n\u00ba 09/2019:</b> de autoria do Vereador Jhoni Zort\u00e9a, solicitando ao Poder Executivo, que providencie a coloca\u00e7\u00e3o de oito tubos de concretos para escoamento das \u00e1guas pluviais na estrada de L\u00aa Hervalzinho, mais expressivamente ao lado do campo da comunidade.</p>\r\n<p>\u00a0</p>\r\n<p><b>Indica\u00e7\u00e3o n\u00ba 10/2019: </b>de autoria do Vereador Marcos Baldo, solicitando ao Poder Executivo, que providencie a constru\u00e7\u00e3o de lombadas f\u00edsica na Rua 15 de Novembro.</p>\r\n<p>\u00a0</p>\r\n<p><b>Indica\u00e7\u00e3o n\u00ba 11/2019: </b>de autoria do Vereador Vlademir Oro, solicitando ao Poder Executivo, que estude a viabilidade de que se retome a distribui\u00e7\u00e3o gratuita de calc\u00e1rio aos agricultores do nosso munic\u00edpio.</p>\r\n<p>\u00a0</p>\r\n<p><b>Indica\u00e7\u00e3o n\u00ba 12/2019: </b>de autoria do Vereador Vlademir Oro, solicitando ao Poder Executivo, que estude a viabilidade de que seja concedida a isen\u00e7\u00e3o de IPTU para pessoas acima de 60 (sessenta) anos de idade, residentes no munic\u00edpio de Descanso/SC, que possuam apenas um im\u00f3vel, desde que sua renda mensal n\u00e3o ultrapasse a quantia de um sal\u00e1rio m\u00ednimo. Em se tratando de casais, n\u00e3o dever\u00e1 a renda dos dois ser superior a dois sal\u00e1rios m\u00ednimos.</p>\r\n<p>\u00a0</p>\r\n<p><b>Mo\u00e7\u00e3o de Apelo n\u00ba 04/2019: </b>de autoria do Vereador Edenilson Slaviero, apelando ao<b> </b>Ministro da Economia<b> </b><i>Sr. Paulo Guedes,</i><b> </b>ao Chefe da Secretaria de Com\u00e9rcio Exterior <i>Sr. Lucas Ferraz</i><b> </b>e a<b> </b>Ministra da Agricultura<b> </b><i>Sra. Tereza Cristina</i> <i>Corr\u00eaa da Costa Dias<b>,</b></i><b> </b>para que revogue a circular n\u00ba 5, de 5 de fevereiro de 2019.</p>", "author_name": "", "version": "1.0", "author_url": "https://www.descanso.sc.leg.br/author/deo", "provider_name": "C\u00e2mara Municipal de Vereadores", "type": "rich"}