{"provider_url": "https://www.descanso.sc.leg.br", "title": "39\u00aa SESS\u00c3O ORDIN\u00c1RIA DE 2018", "html": "<p align=\"center\"><b>C\u00c2MARA MUNICIPAL DE DESCANSO</b></p>\r\n<p align=\"center\"><b>\u00a0</b></p>\r\n<p align=\"center\"><b>39\u00aa SESS\u00c3O ORDIN\u00c1RIA</b></p>\r\n<p align=\"center\"><b>\u00a0</b></p>\r\n<p align=\"center\"><b>02/10/2018 TER\u00c7A-FEIRA</b></p>\r\n<p align=\"center\"><b>\u00a0</b></p>\r\n<p align=\"center\"><b>\u00a0</b></p>\r\n<p align=\"center\"><b>PEQUENO EXPEDIENTE</b></p>\r\n<p align=\"center\"><b>\u00a0</b></p>\r\n<p align=\"center\"><b>Autor: Poder Executivo</b></p>\r\n<p align=\"center\"><b>Of\u00edcio n\u00ba 464/2018: </b>O Prefeito Municipal encaminhou para aprecia\u00e7\u00e3o dessa Casa Legislativa o seguinte Projeto de Lei:</p>\r\n<p align=\"center\">\u00a0</p>\r\n<p align=\"center\"><b><i><span>Projeto de Lei n\u00ba 85/2018</span></i></b></p>\r\n<p align=\"center\"><b><span>\u00a0</span></b></p>\r\n<p align=\"center\">\u201cAUTORIZA ABERTURA DE CR\u00c9DITO ADICIONAL SUPLEMENTAR NO VALOR DE R$ 30.000,00 E D\u00c1 OUTRAS PROVID\u00caNCIAS\u201d.</p>\r\n<p align=\"center\">\u00a0</p>\r\n<p align=\"center\"><b>O Projeto de Lei n\u00ba 85/2018 foi encaminhado as Comiss\u00f5es T\u00e9cnicas e Permanentes da Casa.</b></p>\r\n<p align=\"center\">\u00a0</p>\r\n<p align=\"center\"><b><i><span>Autor: JHONI ZORT\u00c9A</span></i></b></p>\r\n<p><b>Indica\u00e7\u00e3o n\u00ba 104/2018:</b> Solicitando ao Prefeito Municipal estude as possibilidades e breviedade de projeto de pavimenta\u00e7\u00e3o com pedras irregulares (cal\u00e7amento) na Rua Rui Barbosa, munic\u00edpio de Descanso.</p>\r\n<p><b><i><span>\u00a0</span></i></b></p>\r\n<p align=\"center\"><b><i><span>Autor: DENILSO FRANCISCO VICENTIN</span></i></b></p>\r\n<p><b>Indica\u00e7\u00e3o n\u00ba 105/2018:</b> Solicitando ao Prefeito Municipal providencie as melhorias como patrolamento, cascalhamento e compacta\u00e7\u00e3o na estrada geral de acesso \u00e0 L\u00aa Santa Catarina at\u00e9 a comunidade de L\u00aa Leste, sendo que a mesma inicia na SC-163 entre as comunidades de Itajub\u00e1 e S\u00e3o Valentin.</p>\r\n<p align=\"center\">\u00a0</p>\r\n<p align=\"center\">\u00a0</p>\r\n<p align=\"center\"><b><i><span>Autor: VLADEMIR ORO</span></i></b><b><i><span></span></i></b></p>\r\n<p><b>Mo\u00e7\u00e3o de Aplauso n\u00ba 35/2018:</b> Parabenizando o casal Pedro e Vilma Degani pelo 61 anos de vida conjugal.<b></b></p>\r\n<p>\u00a0</p>\r\n<p align=\"center\"><b>ORDEM DO DIA</b></p>\r\n<p align=\"center\"><b>\u00a0</b></p>\r\n<p align=\"center\"><b>Primeira Discuss\u00e3o e Vota\u00e7\u00e3o</b></p>\r\n<p align=\"center\"><b>Projeto de Lei n\u00ba 83/2018</b></p>\r\n<p align=\"center\">\u00a0</p>\r\n<p align=\"center\"><b>\u00a0</b></p>\r\n<p align=\"center\"><b>\u00a0</b></p>\r\n<p>\u00a0</p>", "author_name": "", "version": "1.0", "author_url": "https://www.descanso.sc.leg.br/author/deo", "provider_name": "C\u00e2mara Municipal de Vereadores", "type": "rich"}