{"provider_url": "https://www.descanso.sc.leg.br", "title": "33\u00aa Sess\u00e3o Ordin\u00e1ria de 2019", "html": "<p>\u00a0</p>\r\n<p><b>33\u00aa Sess\u00e3o Ordin\u00e1ria de 2019 do Terceiro Per\u00edodo Legislativo, 5\u00aa Sess\u00e3o Ordin\u00e1ria do m\u00eas de agosto \u2013 13 de agosto de 2019.</b></p>\r\n<p><b><span>\u00a0</span></b></p>\r\n<p><b><span>PEQUENO EXPEDIENTE: </span></b></p>\r\n<p><b><span>\u00a0</span></b></p>\r\n<p><b><span>Indica\u00e7\u00e3o n\u00ba 101/2019</span></b>: O vereador Jhoni Zort\u00e9a solicita ao Chefe do Poder Executivo Municipal, para que atrav\u00e9s do setor competente (engenharia e urbanismo), disponibilize profissional t\u00e9cnico ao legislativo afim de elaborar projeto de lei ou discutir e incrementar o Projeto de Lei Complementar 01/2019, que disp\u00f5em sobre o Plano Diretor e d\u00e1 outras providencias, com a finalidade de privilegiar \u00a0a acessibilidade de pessoas portadoras de necessidades e com dificuldades de locomo\u00e7\u00e3o.</p>\r\n<p>\u00a0(Aprovada por unanimidade de votos)</p>\r\n<p><b><span>Indica\u00e7\u00e3o n\u00ba 102/2019</span></b>: O vereador Jhoni Zort\u00e9a solicita ao Executivo Municipal, para que atrav\u00e9s do setor competente, viabilize aux\u00edlio financeiro a Sociedade Protetora dos Animais de Descanso (SPAD). (Aprovada por unanimidade de votos)</p>\r\n<p><b><span>Indica\u00e7\u00e3o n\u00ba 103/2019</span></b>: O vereador Juliano Junior Kasper solicita ao Executivo ao Superintendente do DEINFRA de S\u00e3o Miguel do Oeste, para que atrav\u00e9s do setor competente, viabilize a implanta\u00e7\u00e3o de um redutor de velocidade (quebra-molas) e faixas de pedestres na rodovia SC-163, KM 70 a 71, proximidades do Mercado Marqueti em L\u00aa Campinas. (Aprovada por unanimidade de votos)</p>\r\n<p><b><span>Indica\u00e7\u00e3o n\u00ba 104/2019</span></b>: O vereador Juliano Junior Kasper solicita ao Executivo Municipal, para que atrav\u00e9s do setor competente, providencie patrolamento e cascalhamento na estrada vicinal, que liga a SC 163, centro de L\u00aa Campinas, passando por L\u00aa Hervalzinho at\u00e9 L\u00aa Cachoeirinha, do mesmo modo, pede-se melhoria no acesso as propriedades dos Srs. Valdemar Grando, Valmor Grando e Gumercindo Scherner. (Aprovada por unanimidade de votos)</p>\r\n<p><b><span>Indica\u00e7\u00e3o n\u00ba 105/2019</span></b>: O vereador Denilso Francisco Vicentin solicita ao Executivo Municipal, para que atrav\u00e9s do setor competente, providencie as melhorias como patrolamento, cascalhamento e compacta\u00e7\u00e3o na estrada de acesso a L\u00aa Santa Catarina, Distrito de Itajub\u00e1 que inicia na propriedade de Ismael Vicentin, Carlos Tessaro, Lirio Furlaneto e Valdir Furlaneto respectivamente. (Aprovada por unanimidade de votos)</p>\r\n<p><b><span>Indica\u00e7\u00e3o n\u00ba 106/2019</span></b>: O vereador Vlademir Oro solicita ao Executivo Municipal, para que atrav\u00e9s do setor competente, estude a viabilidade para expans\u00e3o da rede de ilumina\u00e7\u00e3o p\u00fablica na rua Ubirajara, Bairro Ouro Verde, entre a resid\u00eancia do Sr. Agenor Bonatto at\u00e9 a resid\u00eancia da Sra. Ana Parmegiani. (Aprovada por unanimidade de votos)</p>\r\n<p><b><span>Indica\u00e7\u00e3o n\u00ba 107/2019</span></b>: O vereador Vlademir Oro solicita ao Executivo Municipal, para que atrav\u00e9s do setor competente, viabilize a constru\u00e7\u00e3o de um redutor de velocidade (lombada f\u00edsica), entre antiga Redentora e a fam\u00edlia de Alberto Graczyk, mais expressivamente pr\u00f3ximo a Mec\u00e2nica do M\u00e1rio, do mesmo modo solicita-se realiza\u00e7\u00e3o do servi\u00e7o de tapa-buraco em camada asf\u00e1ltica e passeio p\u00fablico em raz\u00e3o dos danos causados pela CASAN na via p\u00fablica com a manuten\u00e7\u00e3o da rede de \u00e1gua, ambos na rua Humberto de Campos.\u00a0<span>(Aprovada por unanimidade de votos)</span></p>\r\n<p><b><span>Mo\u00e7\u00e3o de Aplauso n\u00ba 30/2019:</span></b> O vereador Jhoni Zort\u00e9a parabeniza os profissionais da APAE de Descanso, nos seguintes termos:</p>\r\n<p><b>PARABENIZANDO E RECONHECENDO AOS PROFISSIONAIS DA APAE DE DESCANSO PELOS EXCELENTES TRABALHOS QUE EST\u00c3O SENDO REALIZADOS NESTE M\u00caS DE AGOSTO </b><b>DEDICADO PARA INTENSIFICAR O DESENVOLVIMENTO DE A\u00c7\u00d5ES PARA CONSCIENTIZAR E PREVENIR DEFICI\u00caNCIA. M\u00caS ESTE QUE COMEMORA-SE A SEMANA NACIONAL DA PESSOA COM DEFICI\u00caNCIA INTELECTUAL E M\u00daLTIPLA. </b></p>\r\n<p><b><span>Mo\u00e7\u00e3o de Aplauso n\u00ba 31/2019:</span></b> O vereador Juliano Junior Kasper parabeniza a Equipe Elite Jiu-Jitsu, nos seguintes termos:</p>\r\n<p><b>PARABENIZANDO E RECONHECENDO AS CONQUISTAS E O DESEMPENHO DA EQUIPE ELITE JIU - JITSU DE DESCANSO NA </b><b>COMPETI\u00c7\u00c3O FLORIPA WINTER INTERNATIONAL OPEN IBJJF JIU-JITSU 2019.\u00a0</b></p>\r\n<p>(Aprovada por unanimidade de votos)</p>\r\n<p><b><span>Mo\u00e7\u00e3o de Aplauso n\u00ba 32/2019:</span></b> O vereador Vlademir Oro s\u00faplica ao Secret\u00e1rio Estadual da Agricultura, Ministro da Agricultura, Governador do Estado, Presidente da Rep\u00fablica, Presidente da C\u00e2mara dos Deputados e ao Presidente do Senado, nos seguintes termos;</p>\r\n<p><b>APELA-SE NO SENTIDO DE QUE SEJA DADA ATEN\u00c7\u00c3O AO PRODUTOR DE LEITE, CRIANDO MEDIDAS DE PROTE\u00c7\u00c3O CONTRA AS MEDIDAS PREDAT\u00d3RIAS DAS EMPRESAS EM RELA\u00c7\u00c3O AO PRE\u00c7O DO LEITE, \u00c0 EXEMPLO DE FIXAR UMA TABELA M\u00cdNIMA DE PRE\u00c7O, TAL COMO OCORREU COM OS MOTORISTAS.</b></p>\r\n<p>(Aprovada por unanimidade de votos)</p>\r\n<p><b><span>Requerimento de Informa\u00e7\u00e3o n\u00ba 19/2019:</span></b> O vereador Denilso Francisco Vicentin solicita ao Chefe do Executivo Municipal, a fim de que informe a esta Casa Legislativa o seguinte:</p>\r\n<ul>\r\n<li>Referente \u00e0 licen\u00e7a da profissional de odontologia da ESF 3 (Posto de Sa\u00fade de Itajub\u00e1), a mais de 20 dias.</li>\r\n</ul>\r\n<p>a)\u00a0\u00a0\u00a0\u00a0\u00a0 Qual o encaminhamento que est\u00e1 sendo feito com os pacientes que est\u00e3o em tratamento com a distinta servidora?</p>\r\n<p>b)\u00a0\u00a0\u00a0\u00a0\u00a0 Qual o per\u00edodo de licen\u00e7a da profissional?</p>\r\n<p>c)\u00a0\u00a0\u00a0\u00a0\u00a0 \u00a0Ha previs\u00e3o de contrata\u00e7\u00e3o de outro profissional para substituir a mesma e/ou seletivo, concurso?</p>\r\n<p><span>(Aprovado por unanimidade de votos)</span></p>\r\n<p><b><span>ORDEM DO DIA:</span></b></p>\r\n<p>\u00a0</p>\r\n<p align=\"center\"><b><span>Segundo turno de Discuss\u00e3o e Vota\u00e7\u00e3o</span></b></p>\r\n<p><b>Projeto de Lei n\u00ba 21/2019,</b> de autoria do Poder Executivo, que \u201cAUTORIZA O MUNIC\u00cdPIO DE DESCANSO A ADERIR AO PROGRAMA \u201cGEST\u00c3O AMBIENTAL\u201d CRIADO PELO CONS\u00d3RCIO INTERMUNICIPAL DE DESENVOLVIMENTO REGIONAL \u2013 CONDER, FIRMANDO O RESPECTIVO CONTRATO DE PROGRAMA E CONTRATO DE RATEIO D\u00c1 OUTRAS PROVID\u00caNCIAS\u201d. (Aprovado por unanimidade de votos)</p>\r\n<p><b>Projeto de Lei Complementar n\u00ba 02/2019, </b>de autoria do Poder Executivo,<b> </b>que \u201cINSTITUI A POL\u00cdTICA MUNICIPAL DO MEIO AMBIENTE E O SISTEMA MUNICIPAL DE PROTE\u00c7\u00c3O, CONTROLE, FISCALIZA\u00c7\u00c3O, MELHORIA DA QUALIDADE E LICENCIAMENTO AMBIENTAL, CRIA O FUNDO MUNICIPAL DO MEIO AMBIENTE E D\u00c1 OUTRAS PROVID\u00caNCIAS\u201d. (Aprovado por unanimidade de votos)</p>\r\n<p><b>Projeto de Lei n\u00ba 22/2019, </b>de autoria do Poder Executivo, que \u201cDECLARA DE UTILIDADE P\u00daBLICA A ASSOCIA\u00c7\u00c3O COMUNIT\u00c1RIA S\u00c3O JOS\u00c9, DE LINHA ALEGRE\u201d. (Aprovado por unanimidade de votos)</p>\r\n<p><b>Projeto de Lei n\u00ba 23/2019,</b> de autoria do Poder Executivo, que \u201cCRIA O CARGO DE PSICOPEDAGOGO NO QUADRO DE PESSOAL DA ADMINISTRA\u00c7\u00c3O DIRETA DO MUNIC\u00cdPIO DE DESCANSO E D\u00c1 OUTRAS PROVID\u00caNCIAS\u201d. (Aprovado por unanimidade de votos)</p>\r\n<p><b>Projeto de Lei n\u00ba 31/2019 </b>de autoria do vereador Volmir Adelar Casagrande, que \u201cALTERA A LEI 588/2005 E D\u00c1 OUTRAS PROVID\u00caNCIAS\u201d. (Aprovado por unanimidade de votos)</p>\r\n<p align=\"center\"><b><span>\u00a0</span></b></p>\r\n<p>\u00a0</p>\r\n<p align=\"center\"><b><span>Primeiro turno de Discuss\u00e3o e Vota\u00e7\u00e3o</span></b><b>\u00a0</b></p>\r\n<p><b>Projeto de Lei n\u00ba 29/2019</b> de autoria dos vereadores Denilso Francisco Vicentin, Juliano Junior Kasper, Jhoni Zort\u00e9a, M\u00e1rcio Maximino Bortoloto, Volmir Adelar Casagrande e Vlademir Oro, que \u201cALTERA A REDA\u00c7\u00c3O DO ART. 04 E 05, DA LEI N\u00ba 1.669/2018 E D\u00c1 OUTRAS PROVID\u00caNCIAS\u201d. (Aprovado por unanimidade de votos)<b><span></span></b></p>\r\n<p><b>Projeto de Lei n\u00ba 30/2019 </b>de autoria do vereador Volmir Adelar Casagrande, que \u201cALTERA A LEI 1.316/2014 E D\u00c1 OUTRAS PROVID\u00caNCIAS\u201d.</p>\r\n<p><img src=\"https://www.descanso.sc.leg.br/institucional/fotos/galeria-de-fotos/33sessoordinariade2019.jpeg/@@images/eacd3b3e-44c9-427a-927f-f6935b3e6432.jpeg\" alt=\"\" class=\"image-inline\" title=\"\" /></p>\r\n<p><img src=\"https://www.descanso.sc.leg.br/institucional/fotos/galeria-de-fotos/copy_of_file47.jpeg/@@images/e7cc0780-effa-48ed-b41b-bffbf0f68b01.jpeg\" alt=\"\" class=\"image-inline\" title=\"\" /><img src=\"https://www.descanso.sc.leg.br/institucional/fotos/galeria-de-fotos/33SessoOrdinriade2019.jpeg/@@images/e12ef3ca-3cb0-4e11-b660-83692d402c81.jpeg\" alt=\"\" class=\"image-inline\" title=\"\" /></p>\r\n<p><img src=\"https://www.descanso.sc.leg.br/institucional/fotos/file135.jpeg/@@images/113fab5a-d435-4898-8516-be94978081a4.jpeg\" alt=\"\" class=\"image-inline\" title=\"\" /></p>", "author_name": "", "version": "1.0", "author_url": "https://www.descanso.sc.leg.br/author/deo", "provider_name": "C\u00e2mara Municipal de Vereadores", "type": "rich"}