{"provider_url": "https://www.descanso.sc.leg.br", "title": "33\u00aa SESS\u00c3O ORDIN\u00c1RIA", "html": "<p align=\"center\"><b>C\u00c2MARA MUNICIPAL DE DESCANSO</b></p>\r\n<p align=\"center\"><b>\u00a0</b></p>\r\n<p align=\"center\"><b>33\u00aa SESS\u00c3O ORDIN\u00c1RIA</b></p>\r\n<p align=\"center\"><b>\u00a0</b></p>\r\n<p align=\"center\"><b>23/08/2018 QUINTA-FEIRA</b></p>\r\n<p align=\"center\"><b>\u00a0</b></p>\r\n<p align=\"center\"><b>\u00a0</b></p>\r\n<p align=\"center\"><b>PEQUENO EXPEDIENTE</b></p>\r\n<p align=\"center\"><b>\u00a0</b></p>\r\n<p align=\"center\"><b>Autor: Poder Executivo</b></p>\r\n<p align=\"center\"><b>Of\u00edcio n\u00ba 411/2018: </b>O Prefeito Municipal encaminhou para aprecia\u00e7\u00e3o dessa Casa Legislativa o seguinte Projeto de Lei:</p>\r\n<p align=\"center\">\u00a0</p>\r\n<p align=\"center\"><b><i><span>Projeto de Lei n\u00ba 75/2018</span></i></b></p>\r\n<p align=\"center\"><b><i><span>\u00a0</span></i></b></p>\r\n<p align=\"center\"><b>\u201cAUTORIZA ABERTURA DE CR\u00c9DITO ADICIONAL SUPLEMENTAR NO VALOR DE R$ 200.000,00 E D\u00c1 OUTRAS PROVID\u00caNCIAS\u201d.</b></p>\r\n<p align=\"center\"><b>\u00a0</b></p>\r\n<p align=\"center\"><b>O Projeto de Lei n\u00ba 75/2018 foi encaminhado na Ordem do Dia.</b></p>\r\n<p align=\"center\"><b>\u00a0</b></p>\r\n<p align=\"center\"><b>Autor: Volmir Adelar Casagrande</b></p>\r\n<p><b>Mo\u00e7\u00e3o de Aplausos n\u00ba 31/2018: </b>Parabenizando o Grupo de Trilheiros \u201cPerseguidos\u201d, pelo grande evento promovido no \u00faltimo dia 18 de agosto de 2018, em L\u00aa S\u00e3o Valentin, Descanso/SC.</p>\r\n<p><b>\u00a0</b></p>\r\n<p align=\"center\"><b>ORDEM DO DIA</b></p>\r\n<p align=\"center\"><b>Primeira Discuss\u00e3o e Vota\u00e7\u00e3o</b></p>\r\n<p align=\"center\"><b>Projeto de Lei\u00ba 75/2018</b></p>\r\n<p align=\"center\"><b>\u00a0</b></p>\r\n<p align=\"center\"><b>PALAVRA LIVRE</b></p>\r\n<p align=\"center\"><b>\u00a0</b></p>\r\n<p align=\"center\"><b>Instrutor de Muay-Thai do Servi\u00e7o de Conveni\u00eancia e Fortalecimento de V\u00ednculo, Jo\u00e3o Danilo Balke: </b>Usou o espa\u00e7o para falr do trabalho que vem realizando com crian\u00e7as e adolescentes do munic\u00edpio.</p>\r\n<p align=\"center\"><b>\u00a0</b></p>\r\n<p align=\"center\"><b>\u00a0</b></p>\r\n<p align=\"center\"><b>\u00a0</b></p>\r\n<p>\u00a0</p>", "author_name": "", "version": "1.0", "author_url": "https://www.descanso.sc.leg.br/author/deo", "provider_name": "C\u00e2mara Municipal de Vereadores", "type": "rich"}